{"id":8434,"date":"2020-08-02T10:44:33","date_gmt":"2020-08-02T10:44:33","guid":{"rendered":"https:\/\/oparanews.com.br\/?p=8434"},"modified":"2020-08-02T10:44:33","modified_gmt":"2020-08-02T10:44:33","slug":"semdsh-penedo-distribui-mascaras-na-feira-livre-em-combate-a-covid-19","status":"publish","type":"post","link":"https:\/\/www.oparanews.com.br\/index.php\/2020\/08\/02\/semdsh-penedo-distribui-mascaras-na-feira-livre-em-combate-a-covid-19\/","title":{"rendered":"Semdsh Penedo distribui m\u00e1scaras na feira livre em combate a Covid-19"},"content":{"rendered":"<p>A Prefeitura de Penedo, por meio da Secretaria Municipal de Desenvolvimento Social e Habita\u00e7\u00e3o (Semdsh), distribuiu neste s\u00e1bado, 1\u00ba de Agosto, m\u00e1scaras reutiliz\u00e1veis na feia livre do Centro da cidade, como medida de prote\u00e7\u00e3o contra o novo Coronav\u00edrus.<\/p>\n<p>Foram entregues 3.800 mascaras durante a a\u00e7\u00e3o que contou com a participa\u00e7\u00e3o de diversos profissionais da Semdsh Penedo. A distribui\u00e7\u00e3o foi realizada em diferentes locais da maior feira livre do munic\u00edpio.<\/p>\n<p>Essa foi mais uma a\u00e7\u00e3o da gest\u00e3o \u201cPenedo, Terra do Desenvolvimento e da Cultura\u201d no combate a pandemia de Covid-19, levando para a popula\u00e7\u00e3o penedense medidas de prote\u00e7\u00e3o e informa\u00e7\u00f5es que ajudam a minimizar a circula\u00e7\u00e3o do v\u00edrus no munic\u00edpio.<\/p>\n<p>O uso de m\u00e1scara facial contribui para diminui\u00e7\u00e3o da propaga\u00e7\u00e3o do novo coronav\u00edrus, sendo uma das medidas indicadas pela OMS (Organiza\u00e7\u00e3o Mundial de Sa\u00fade), al\u00e9m de ser obrigat\u00f3rio seu uso em locais p\u00fablicos e privados, determinado por meio de decreto assinado pelo Governador Renan Filho.<\/p>\n<p>As m\u00e1scaras distribu\u00eddas em Penedo s\u00e3o produzidas por costureiras locais, contratadas pela Prefeitura por meio de chamada p\u00fablica, o que al\u00e9m de proteger contra Covid-19 colabora para a gera\u00e7\u00e3o de emprego e renda no munic\u00edpio<\/p>\n<p>Para o Secret\u00e1rio de Desenvolvimento Social e Habita\u00e7\u00e3o, Vinicius Barbosa, a\u00e7\u00f5es como essa contribuem para a cont\u00ednua prote\u00e7\u00e3o da fam\u00edlia penedense, pois o uso da m\u00e1scara \u00e9 uma das principais medidas que devem ser adotadas pela popula\u00e7\u00e3o para evitar contrair a Covid-19.<\/p>\n<p>&nbsp;<\/p>\n<p><strong>por Thiago Sobral &#8211; Decom (PMP)<\/strong><\/p>\n<p>&nbsp;<\/p>\n","protected":false},"excerpt":{"rendered":"<p>A Prefeitura de Penedo, por meio da Secretaria Municipal de Desenvolvimento Social e Habita\u00e7\u00e3o (Semdsh), distribuiu neste s\u00e1bado, 1\u00ba de Agosto, m\u00e1scaras reutiliz\u00e1veis na feia livre do Centro da cidade, como medida de prote\u00e7\u00e3o contra o novo Coronav\u00edrus. Foram entregues 3.800 mascaras durante a a\u00e7\u00e3o que contou com a participa\u00e7\u00e3o de diversos profissionais da Semdsh &hellip;<\/p>\n","protected":false},"author":1,"featured_media":8435,"comment_status":"open","ping_status":"open","sticky":false,"template":"","format":"standard","meta":{"_jetpack_newsletter_access":"","_jetpack_dont_email_post_to_subs":false,"_jetpack_newsletter_tier_id":0,"_jetpack_memberships_contains_paywalled_content":false,"_jetpack_memberships_contains_paid_content":false,"footnotes":""},"categories":[1],"tags":[],"class_list":["post-8434","post","type-post","status-publish","format-standard","has-post-thumbnail","hentry","category-destaque"],"jetpack_sharing_enabled":true,"jetpack_featured_media_url":"","_links":{"self":[{"href":"https:\/\/www.oparanews.com.br\/index.php\/wp-json\/wp\/v2\/posts\/8434","targetHints":{"allow":["GET"]}}],"collection":[{"href":"https:\/\/www.oparanews.com.br\/index.php\/wp-json\/wp\/v2\/posts"}],"about":[{"href":"https:\/\/www.oparanews.com.br\/index.php\/wp-json\/wp\/v2\/types\/post"}],"author":[{"embeddable":true,"href":"https:\/\/www.oparanews.com.br\/index.php\/wp-json\/wp\/v2\/users\/1"}],"replies":[{"embeddable":true,"href":"https:\/\/www.oparanews.com.br\/index.php\/wp-json\/wp\/v2\/comments?post=8434"}],"version-history":[{"count":0,"href":"https:\/\/www.oparanews.com.br\/index.php\/wp-json\/wp\/v2\/posts\/8434\/revisions"}],"wp:attachment":[{"href":"https:\/\/www.oparanews.com.br\/index.php\/wp-json\/wp\/v2\/media?parent=8434"}],"wp:term":[{"taxonomy":"category","embeddable":true,"href":"https:\/\/www.oparanews.com.br\/index.php\/wp-json\/wp\/v2\/categories?post=8434"},{"taxonomy":"post_tag","embeddable":true,"href":"https:\/\/www.oparanews.com.br\/index.php\/wp-json\/wp\/v2\/tags?post=8434"}],"curies":[{"name":"wp","href":"https:\/\/api.w.org\/{rel}","templated":true}]}}