{"id":8440,"date":"2020-08-02T19:07:12","date_gmt":"2020-08-02T19:07:12","guid":{"rendered":"https:\/\/oparanews.com.br\/?p=8440"},"modified":"2020-08-02T19:07:12","modified_gmt":"2020-08-02T19:07:12","slug":"policia-apreende-arma-e-drogas-no-bairro-de-santa-luzia-em-penedo","status":"publish","type":"post","link":"https:\/\/www.oparanews.com.br\/index.php\/2020\/08\/02\/policia-apreende-arma-e-drogas-no-bairro-de-santa-luzia-em-penedo\/","title":{"rendered":"Pol\u00edcia apreende arma e drogas no bairro de Santa Luzia em Penedo"},"content":{"rendered":"<p>Foi por volta das 23h30 deste s\u00e1bado, 01 de agosto, que policiais da Rocam, pertencente ao 11\u00ba BPM, receberam uma den\u00fancia an\u00f4nima que na Rua Alto S\u00e3o Jo\u00e3o, por tr\u00e1s da Phil\u2019Harm\u00f4nica, havia um indiv\u00edduo portando uma arma e amea\u00e7ando as pessoas, e que estaria na porta da sua casa utilizando drogas.<\/p>\n<p>Prontamente os militares do 11\u00ba BPM se deslocaram at\u00e9 o local e realizaram abordagens em alguns indiv\u00edduos na porta de uma resid\u00eancia denunciada, foi quando perceberam que um elemento, ao avistar a viatura, adentrou na resid\u00eancia. Os policiais, ap\u00f3s autoriza\u00e7\u00e3o da propriet\u00e1ria da casa, de imediato conseguiram abordar saindo do quarto, e ao verificar o ambiente, foi encontrado um arma no banheiro do quarto. Ap\u00f3s busca minuciosa, foi encontrada tamb\u00e9m uma pequena quantidade de entorpecentes na porta da resid\u00eancia e dentro do recinto.<\/p>\n<p>Materiais apreendidos:<\/p>\n<p><strong>01 rev\u00f3lver calibre 38<\/strong><br \/>\n<strong>06 muni\u00e7\u00f5es intactas<\/strong><br \/>\n<strong>9 miligramas de maconha<\/strong><br \/>\n<strong>1 miligrama de coca\u00edna<\/strong><br \/>\n<strong>R$ 4.756,00<\/strong><br \/>\n<strong>1 celular Samsung A20<\/strong><\/p>\n<p>O homem com as iniciais B.L.S., 32 anos, foi autuado por posse irregular de arma de Fogo de uso permitido e consumo pessoal de drogas.<\/p>\n<p>A a\u00e7\u00e3o contou com apoio do PELOPES e policiais da For\u00e7a Tarefa.<\/p>\n<p>&nbsp;<\/p>\n<p><strong>com informa\u00e7\u00f5es do 11\u00ba BPM<\/strong><\/p>\n<p>&nbsp;<\/p>\n","protected":false},"excerpt":{"rendered":"<p>Foi por volta das 23h30 deste s\u00e1bado, 01 de agosto, que policiais da Rocam, pertencente ao 11\u00ba BPM, receberam uma den\u00fancia an\u00f4nima que na Rua Alto S\u00e3o Jo\u00e3o, por tr\u00e1s da Phil\u2019Harm\u00f4nica, havia um indiv\u00edduo portando uma arma e amea\u00e7ando as pessoas, e que estaria na porta da sua casa utilizando drogas. Prontamente os militares &hellip;<\/p>\n","protected":false},"author":1,"featured_media":8441,"comment_status":"open","ping_status":"open","sticky":false,"template":"","format":"standard","meta":{"_jetpack_newsletter_access":"","_jetpack_dont_email_post_to_subs":false,"_jetpack_newsletter_tier_id":0,"_jetpack_memberships_contains_paywalled_content":false,"_jetpack_memberships_contains_paid_content":false,"footnotes":""},"categories":[1],"tags":[],"class_list":["post-8440","post","type-post","status-publish","format-standard","has-post-thumbnail","hentry","category-destaque"],"jetpack_sharing_enabled":true,"jetpack_featured_media_url":"","_links":{"self":[{"href":"https:\/\/www.oparanews.com.br\/index.php\/wp-json\/wp\/v2\/posts\/8440","targetHints":{"allow":["GET"]}}],"collection":[{"href":"https:\/\/www.oparanews.com.br\/index.php\/wp-json\/wp\/v2\/posts"}],"about":[{"href":"https:\/\/www.oparanews.com.br\/index.php\/wp-json\/wp\/v2\/types\/post"}],"author":[{"embeddable":true,"href":"https:\/\/www.oparanews.com.br\/index.php\/wp-json\/wp\/v2\/users\/1"}],"replies":[{"embeddable":true,"href":"https:\/\/www.oparanews.com.br\/index.php\/wp-json\/wp\/v2\/comments?post=8440"}],"version-history":[{"count":0,"href":"https:\/\/www.oparanews.com.br\/index.php\/wp-json\/wp\/v2\/posts\/8440\/revisions"}],"wp:attachment":[{"href":"https:\/\/www.oparanews.com.br\/index.php\/wp-json\/wp\/v2\/media?parent=8440"}],"wp:term":[{"taxonomy":"category","embeddable":true,"href":"https:\/\/www.oparanews.com.br\/index.php\/wp-json\/wp\/v2\/categories?post=8440"},{"taxonomy":"post_tag","embeddable":true,"href":"https:\/\/www.oparanews.com.br\/index.php\/wp-json\/wp\/v2\/tags?post=8440"}],"curies":[{"name":"wp","href":"https:\/\/api.w.org\/{rel}","templated":true}]}}