{"id":8443,"date":"2020-08-02T19:12:01","date_gmt":"2020-08-02T19:12:01","guid":{"rendered":"https:\/\/oparanews.com.br\/?p=8443"},"modified":"2020-08-02T19:12:01","modified_gmt":"2020-08-02T19:12:01","slug":"diocese-de-penedo-orienta-igrejas-a-receberem-ate-30-da-capacidade-de-fieis","status":"publish","type":"post","link":"https:\/\/www.oparanews.com.br\/index.php\/2020\/08\/02\/diocese-de-penedo-orienta-igrejas-a-receberem-ate-30-da-capacidade-de-fieis\/","title":{"rendered":"Diocese de Penedo orienta Igrejas a receberem at\u00e9 30% da capacidade de fi\u00e9is"},"content":{"rendered":"<p>O padre Daniel do Nascimento Santos, administrador da Diocese de Penedo, divulgou uma carta com novas orienta\u00e7\u00f5es pastorais, ap\u00f3s o decreto de flexibiliza\u00e7\u00e3o sobre a Covid 19. Ap\u00f3s o pronunciamento do Governador Renan Filho e considerando o avan\u00e7o para fase laranja em todo o interior do Estado de Alagoas, a Diocese vai iniciar o plano de flexibiliza\u00e7\u00e3o e reabertura da igrejas, bem como de celebra\u00e7\u00e3o da Eucaristia e demais sacramentos. As igrejas s\u00f3 poder\u00e3o receber 30% de sua capacidade de fi\u00e9is.<\/p>\n<p>De acordo com a carta, devem-se evitar aglomera\u00e7\u00f5es em todos os espa\u00e7os: Igrejas, sal\u00f5es paroquiais e secretarias, mantendo distanciamento m\u00ednimo de 1,5m; \u00c9 obrigat\u00f3rio o uso de m\u00e1scaras para todos; Todas as par\u00f3quias devem disponibilizar lavat\u00f3rios com \u00e1gua, sab\u00e3o, papel toalha e\/ou \u00e1lcool gel 70%, em lugares estrat\u00e9gicos e com total acessibilidade aos fi\u00e9is, especialmente ao chegarem a Igreja.<\/p>\n<p>Outra orienta\u00e7\u00e3o \u00e9 que sejam higienizados regularmente, ap\u00f3s cada celebra\u00e7\u00e3o, todos os espa\u00e7os utilizados pelos fi\u00e9is (Igreja, banheiros), bem como objetos e superf\u00edcies tocados com frequ\u00eancia. O uso de bebedouros deve ser evitado e todas as pessoas que fazem parte dos grupos de risco, ou que apresentam sintomas de gripe, febre, resfriado, dor de ouvido e afins, devem ficar em casa. \u201cOs fi\u00e9is, nesta fase, permanecem desobrigados do preceito dominical\u201d, informa o administrador diocesano.<\/p>\n<p>Para a celebra\u00e7\u00e3o da Santa Missa e Eucaristia: todas as Igrejas Matrizes e Capelas estar\u00e3o autorizadas a celebra\u00e7\u00e3o da Eucaristia, respeitando todas as normas estabelecidas de distanciamento, equipamentos de prote\u00e7\u00e3o e higieniza\u00e7\u00e3o. Todas as par\u00f3quias devem se organizar para que seja respeitada a ocupa\u00e7\u00e3o m\u00e1xima de 30% no espa\u00e7o interno da Igreja; Quando poss\u00edvel, sejam disponibilizados outros hor\u00e1rios, al\u00e9m dos habituais, para a celebra\u00e7\u00e3o da Santa Missa; Valorizem, quando poss\u00edvel, as missas Campais, desde que seja evitada aglomera\u00e7\u00e3o dos fi\u00e9is; Portas e janelas das Igrejas dever\u00e3o estar abertas nos momentos celebrativos, evitando, quando poss\u00edvel, o uso de ventiladores; Todos os bancos da Igreja dever\u00e3o ser sinalizados com indica\u00e7\u00e3o de lugar para que os fi\u00e9is se assentem, respeitando a dist\u00e2ncia m\u00ednima referendada (1,5m); Todos os objetos lit\u00fargicos (c\u00e1lice, \u00e2mbula, galhetas&#8230;) utilizados durante a celebra\u00e7\u00e3o dever\u00e3o ser higienizados antes e depois da celebra\u00e7\u00e3o; O sacrist\u00e3o(\u00e3) ou demais respons\u00e1veis em preparar \u00e2mbulas e c\u00e1lice para a celebra\u00e7\u00e3o tenham suas m\u00e3os devidamente higienizadas, bem como fa\u00e7am uso de m\u00e1scara.<\/p>\n<p>Todos os microfones utilizados na celebra\u00e7\u00e3o pelos padres, leitores e equipes de canto devem ser higienizados. Evite-se passar de uma pessoa a outra sem a devida desinfec\u00e7\u00e3o, bem como toc\u00e1-lo com a boca; As ofertas e d\u00edzimos sejam recolhidos pelas equipes respons\u00e1veis de prefer\u00eancia no final das celebra\u00e7\u00f5es, evitando ao m\u00e1ximo o contato com o dinheiro. Outra recomenda\u00e7\u00e3o \u00e9 que evite-se o uso de folhetos lit\u00fargicos ou de canto; Omita-se o abra\u00e7o da paz.<\/p>\n<p>Para o momento da comunh\u00e3o, deve ser observado o distanciamento preconizado de 1,5m, com poss\u00edvel indica\u00e7\u00e3o no piso da Igreja; A Comunh\u00e3o dever\u00e1 ser sempre recebida na m\u00e3o, de prefer\u00eancia com o bra\u00e7o esticado, tanto pelo ministro quanto pelo fiel. Para a comunh\u00e3o, aquele que distribui deve sempre fazer uso de m\u00e1scara; Quando poss\u00edvel, seja evitado o deslocamento dos fi\u00e9is para a comunh\u00e3o. O padre, di\u00e1cono e ministros extraordin\u00e1rios poder\u00e3o passar pelas media\u00e7\u00f5es dos bancos da Igreja para a distribui\u00e7\u00e3o da sagrada comunh\u00e3o;<\/p>\n<p>Sejam higienizadas as m\u00e3os dos padres, di\u00e1conos e ministros extraordin\u00e1rios antes e depois da comunh\u00e3o dos fi\u00e9is; \u00c9 oportuno que cada fiel procure ter, em recipiente adequado, seu pr\u00f3prio \u00e1lcool gel; Evite-se qualquer tipo de prociss\u00e3o.<\/p>\n<p>Outra observa\u00e7\u00e3o importante \u00e9 que, para a comunh\u00e3o aos enfermos ou aos idosos, em casa, devem ser respeitadas todas as orienta\u00e7\u00f5es de prote\u00e7\u00e3o e distanciamento j\u00e1 indicados.<\/p>\n<p><strong>Sacramentos de Batismo e Matrim\u00f4nio<\/strong><\/p>\n<p>Para a celebra\u00e7\u00e3o de batismo ou matrim\u00f4nio, devem ser respeitadas todas as medidas de distanciamento e prote\u00e7\u00e3o j\u00e1 elencadas como para a celebra\u00e7\u00e3o da missa; Sejam celebrados preferencialmente na Igreja Matriz e que os padres evitem que nas celebra\u00e7\u00f5es destes sacramentos, estejam um n\u00famero excessivo de pessoas, que ultrapassem o limite de ocupa\u00e7\u00e3o estabelecido. Para a Celebra\u00e7\u00e3o do Batismo, omita-se o rito opcional do Sal e \u00c9feta.<\/p>\n<p><strong>Penit\u00eancia e un\u00e7\u00e3o dos enfermos<\/strong><\/p>\n<p>Nos sacramentos de penit\u00eancia e un\u00e7\u00e3o dos enfermos, a Confiss\u00e3o deve ser celebrada em lugares amplos, com ventila\u00e7\u00e3o e distanciamento de 1,5m entre o penitente e o sacerdote, ambos usando m\u00e1scara de prote\u00e7\u00e3o; Se houver fila de espera para a confiss\u00e3o, que seja observada a mesma regra de distanciamento.<\/p>\n<p>A Un\u00e7\u00e3o dos enfermos deve ser celebrada respeitando os crit\u00e9rios de distanciamento e prote\u00e7\u00e3o, especialmente o uso de luvas e m\u00e1scara por parte do sacerdote, evitando-se celebra\u00e7\u00f5es comunit\u00e1rias.<\/p>\n<p>Para a celebra\u00e7\u00e3o de ex\u00e9quias dever\u00e1 ser observado \u00e0s mesmas regras de distanciamento e prote\u00e7\u00e3o j\u00e1 apresentados, como para missa.<\/p>\n<p><strong>Sacramento de confirma\u00e7\u00e3o ou crisma<\/strong><\/p>\n<p>Os sacramentos de confirma\u00e7\u00e3o ou crisma, a Diocese de Penedo orienta esperar para mais adiante, conforme orienta\u00e7\u00e3o do administrador diocesano, a ser divulgada em tempo oportuno.<\/p>\n<p><strong>Outras orienta\u00e7\u00f5es<\/strong><\/p>\n<p>Os encontros e reuni\u00f5es de pastorais sejam realizadas quando extremamente necess\u00e1rios, respeitando as regras de distanciamento e prote\u00e7\u00e3o j\u00e1 estabelecidas; As catequeses de crian\u00e7as e adultos permanecem suspensas; As Igrejas devem estar abertas, mesmo em hor\u00e1rios que n\u00e3o tenham celebra\u00e7\u00e3o.<\/p>\n<p>&nbsp;<\/p>\n<p><strong>Fonte: 7 Segundos<\/strong><\/p>\n<p>&nbsp;<\/p>\n","protected":false},"excerpt":{"rendered":"<p>O padre Daniel do Nascimento Santos, administrador da Diocese de Penedo, divulgou uma carta com novas orienta\u00e7\u00f5es pastorais, ap\u00f3s o decreto de flexibiliza\u00e7\u00e3o sobre a Covid 19. Ap\u00f3s o pronunciamento do Governador Renan Filho e considerando o avan\u00e7o para fase laranja em todo o interior do Estado de Alagoas, a Diocese vai iniciar o plano &hellip;<\/p>\n","protected":false},"author":1,"featured_media":8444,"comment_status":"open","ping_status":"open","sticky":false,"template":"","format":"standard","meta":{"_jetpack_newsletter_access":"","_jetpack_dont_email_post_to_subs":false,"_jetpack_newsletter_tier_id":0,"_jetpack_memberships_contains_paywalled_content":false,"_jetpack_memberships_contains_paid_content":false,"footnotes":""},"categories":[1],"tags":[],"class_list":["post-8443","post","type-post","status-publish","format-standard","has-post-thumbnail","hentry","category-destaque"],"jetpack_sharing_enabled":true,"jetpack_featured_media_url":"","_links":{"self":[{"href":"https:\/\/www.oparanews.com.br\/index.php\/wp-json\/wp\/v2\/posts\/8443","targetHints":{"allow":["GET"]}}],"collection":[{"href":"https:\/\/www.oparanews.com.br\/index.php\/wp-json\/wp\/v2\/posts"}],"about":[{"href":"https:\/\/www.oparanews.com.br\/index.php\/wp-json\/wp\/v2\/types\/post"}],"author":[{"embeddable":true,"href":"https:\/\/www.oparanews.com.br\/index.php\/wp-json\/wp\/v2\/users\/1"}],"replies":[{"embeddable":true,"href":"https:\/\/www.oparanews.com.br\/index.php\/wp-json\/wp\/v2\/comments?post=8443"}],"version-history":[{"count":0,"href":"https:\/\/www.oparanews.com.br\/index.php\/wp-json\/wp\/v2\/posts\/8443\/revisions"}],"wp:attachment":[{"href":"https:\/\/www.oparanews.com.br\/index.php\/wp-json\/wp\/v2\/media?parent=8443"}],"wp:term":[{"taxonomy":"category","embeddable":true,"href":"https:\/\/www.oparanews.com.br\/index.php\/wp-json\/wp\/v2\/categories?post=8443"},{"taxonomy":"post_tag","embeddable":true,"href":"https:\/\/www.oparanews.com.br\/index.php\/wp-json\/wp\/v2\/tags?post=8443"}],"curies":[{"name":"wp","href":"https:\/\/api.w.org\/{rel}","templated":true}]}}