{"id":8455,"date":"2020-08-03T19:05:31","date_gmt":"2020-08-03T19:05:31","guid":{"rendered":"https:\/\/oparanews.com.br\/?p=8455"},"modified":"2020-08-03T19:05:31","modified_gmt":"2020-08-03T19:05:31","slug":"ministerio-da-saude-premia-sems-penedo-por-alcance-de-metas-em-vacinacao","status":"publish","type":"post","link":"https:\/\/www.oparanews.com.br\/index.php\/2020\/08\/03\/ministerio-da-saude-premia-sems-penedo-por-alcance-de-metas-em-vacinacao\/","title":{"rendered":"Minist\u00e9rio da Sa\u00fade premia SEMS Penedo por alcance de metas em vacina\u00e7\u00e3o"},"content":{"rendered":"<p>Todas as campanhas de vacina\u00e7\u00e3o desenvolvidas em Penedo, por meio da Secretaria Municipal de Sa\u00fade (SEMS), atingiram a meta determinada pelo governo federal. Mais do que isso, o trabalho ultrapassou os 95% de cobertura exigidos pelo Minist\u00e9rio da Sa\u00fade para as vacina\u00e7\u00f5es, de rotina ou pontuais, prova do compromisso do governo M\u00e1rcius Beltr\u00e3o\/Ronaldo Lopes com o povo de Penedo.<\/p>\n<p>Como reconhecimento ao empenho nas a\u00e7\u00f5es que imunizam as pessoas contra doen\u00e7as letais ou causadoras de sequelas irrevers\u00edveis, a SEMS Penedo foi premiada com recurso para a aquisi\u00e7\u00e3o de uma c\u00e2mara de refrigera\u00e7\u00e3o com capacidade de 400 litros, equipamento de ponta que somente oito munic\u00edpios alagoanos conseguiram, mais uma prova da qualidade da assist\u00eancia ofertada \u00e0 popula\u00e7\u00e3o no governo \u201cPenedo, Terra do Desenvolvimento e da Cultura\u201d.<\/p>\n<p>A c\u00e2mara que custa cerca de vinte e cinco mil reais est\u00e1 na Farm\u00e1cia Central da SEMS, SENDO a mais avan\u00e7ada dispon\u00edvel no mercado, com bateria para manter a conserva\u00e7\u00e3o homog\u00eanea, est\u00e1vel e sem oscila\u00e7\u00e3o de temperatura, at\u00e9 mesmo se faltar energia.<\/p>\n<p>\u201cAl\u00e9m de manter a temperatura adequada, em 5 graus Celsius positivo, caso ocorra uma queda de energia, n\u00e3o haver\u00e1 perda de vacina porque a nossa c\u00e2mara suporta por 48 horas. Assim, podemos armazenar os imunobiol\u00f3gicos de forma mais segura, garantindo mais efic\u00e1cia e qualidade no processo de imuniza\u00e7\u00e3o de nossa popula\u00e7\u00e3o\u201d, explica Jamila Gabriela Peixoto, enfermeira e Diretora de Epidemiologia e Imuniza\u00e7\u00e3o da SEMS Penedo.<\/p>\n<p>Vacina\u00e7\u00e3o Nominal<\/p>\n<p>Sobre os crit\u00e9rios exigidos pelo governo federal para o repasse destinado \u00e0 compra da c\u00e2mara refrigerada, Jamila Peixoto destaca a efetiva\u00e7\u00e3o da identifica\u00e7\u00e3o nominal na vacina\u00e7\u00e3o dos pequeninos.<\/p>\n<p>\u201cToda crian\u00e7a que toma vacina em Penedo \u00e9 registrada nominalmente, isso em qualquer uma das 20 salas de vacina do munic\u00edpio. Esse sistema permite melhor acompanhamento da cobertura vacinal, identifica quem est\u00e1 com vacina em atraso e, em caso de perda do cart\u00e3o de vacina\u00e7\u00e3o, \u00e9 poss\u00edvel atualizar o documento, sem precisar refazer todas as vacinas porque os dados est\u00e3o salvos no sistema, basta acessar o arquivo da crian\u00e7a e passar as informa\u00e7\u00f5es para um novo cart\u00e3o\u201d.<\/p>\n<p>A Diretora de Epidemiologia e Imuniza\u00e7\u00e3o da SEMS Penedo destaca ainda o alcance de todas as metas na vacina\u00e7\u00e3o de crian\u00e7as com menos de um ano de vida, quase todas em mais de 100% porque a refer\u00eancia do Minist\u00e9rio da Sa\u00fade tem como base proje\u00e7\u00f5es de popula\u00e7\u00e3o do IBGE ou registros de nascidos vivos no munic\u00edpio.<\/p>\n<p>Mais de 100%<\/p>\n<p>\u201cComo nosso trabalho \u00e9 feito com muita responsabilidade, a gente termina as campanhas acima das estimativas. Por isso tivemos 112% na rotina da vacina rotav\u00edrus, que exige aplica\u00e7\u00e3o em prazos regulares para n\u00e3o perder sua efic\u00e1cia; alcan\u00e7amos 111% com a pentavalente (contra cinco tipos de doen\u00e7a); 109% com a pneumoc\u00f3cica; 102% contra a poliomielite e 100% na da BCG\u201d, relata Jamila Peixoto.<\/p>\n<p>SEMS PENEDO ATINGE META DE VACINA\u00c7\u00c3O<\/p>\n<p>Outro item avaliado pelo Minist\u00e9rio da Sa\u00fade diz respeito \u00e0 campanha contra o sarampo. Realizada entre outubro e novembro do ano passado, a preven\u00e7\u00e3o de amplo alcance (a partir de beb\u00eas com 6 meses de vida at\u00e9 pessoas com 49 anos de idade) n\u00e3o tinha meta a ser atingida, mas n\u00e3o s\u00f3 foi realizada em tempo h\u00e1bil em Penedo, com registros validados pelo Minist\u00e9rio da Sa\u00fade, como tamb\u00e9m teve prosseguimento para estender o benef\u00edcio.<\/p>\n<p>A SEMS Penedo inicia nesta semana a campanha 2020 contra o sarampo, com o mesmo empenho das demais a\u00e7\u00f5es promotoras de sa\u00fade p\u00fablica.<\/p>\n<p>&nbsp;<\/p>\n<p><strong>por Fernando Vin\u00edcius \u2013 Decom PMP<\/strong><\/p>\n<p>&nbsp;<\/p>\n","protected":false},"excerpt":{"rendered":"<p>Todas as campanhas de vacina\u00e7\u00e3o desenvolvidas em Penedo, por meio da Secretaria Municipal de Sa\u00fade (SEMS), atingiram a meta determinada pelo governo federal. Mais do que isso, o trabalho ultrapassou os 95% de cobertura exigidos pelo Minist\u00e9rio da Sa\u00fade para as vacina\u00e7\u00f5es, de rotina ou pontuais, prova do compromisso do governo M\u00e1rcius Beltr\u00e3o\/Ronaldo Lopes com &hellip;<\/p>\n","protected":false},"author":1,"featured_media":8456,"comment_status":"open","ping_status":"open","sticky":false,"template":"","format":"standard","meta":{"_jetpack_newsletter_access":"","_jetpack_dont_email_post_to_subs":false,"_jetpack_newsletter_tier_id":0,"_jetpack_memberships_contains_paywalled_content":false,"_jetpack_memberships_contains_paid_content":false,"footnotes":""},"categories":[1],"tags":[],"class_list":["post-8455","post","type-post","status-publish","format-standard","has-post-thumbnail","hentry","category-destaque"],"jetpack_sharing_enabled":true,"jetpack_featured_media_url":"","_links":{"self":[{"href":"https:\/\/www.oparanews.com.br\/index.php\/wp-json\/wp\/v2\/posts\/8455","targetHints":{"allow":["GET"]}}],"collection":[{"href":"https:\/\/www.oparanews.com.br\/index.php\/wp-json\/wp\/v2\/posts"}],"about":[{"href":"https:\/\/www.oparanews.com.br\/index.php\/wp-json\/wp\/v2\/types\/post"}],"author":[{"embeddable":true,"href":"https:\/\/www.oparanews.com.br\/index.php\/wp-json\/wp\/v2\/users\/1"}],"replies":[{"embeddable":true,"href":"https:\/\/www.oparanews.com.br\/index.php\/wp-json\/wp\/v2\/comments?post=8455"}],"version-history":[{"count":0,"href":"https:\/\/www.oparanews.com.br\/index.php\/wp-json\/wp\/v2\/posts\/8455\/revisions"}],"wp:attachment":[{"href":"https:\/\/www.oparanews.com.br\/index.php\/wp-json\/wp\/v2\/media?parent=8455"}],"wp:term":[{"taxonomy":"category","embeddable":true,"href":"https:\/\/www.oparanews.com.br\/index.php\/wp-json\/wp\/v2\/categories?post=8455"},{"taxonomy":"post_tag","embeddable":true,"href":"https:\/\/www.oparanews.com.br\/index.php\/wp-json\/wp\/v2\/tags?post=8455"}],"curies":[{"name":"wp","href":"https:\/\/api.w.org\/{rel}","templated":true}]}}