{"id":8464,"date":"2020-08-04T00:18:16","date_gmt":"2020-08-04T00:18:16","guid":{"rendered":"https:\/\/oparanews.com.br\/?p=8464"},"modified":"2020-08-04T00:18:16","modified_gmt":"2020-08-04T00:18:16","slug":"mayra-cardi-e-proibida-de-falar-nome-de-arthur-aguiar","status":"publish","type":"post","link":"https:\/\/www.oparanews.com.br\/index.php\/2020\/08\/04\/mayra-cardi-e-proibida-de-falar-nome-de-arthur-aguiar\/","title":{"rendered":"Mayra Cardi \u00e9 proibida de falar nome de Arthur Aguiar"},"content":{"rendered":"<p>Mayra Cardi recebeu uma intima\u00e7\u00e3o da Justi\u00e7a que a pro\u00edbe de falar nome de seu ex-marido, Arthur Aguiar. A informa\u00e7\u00e3o foi dada pelo colunista Leo Dias, que confirmou o caso com a ex-BBB. &#8220;Se n\u00e3o conseguem desmentir, a \u00fanica op\u00e7\u00e3o \u00e9 silenciar&#8221;, disse ela.<\/p>\n<p>A informa\u00e7\u00e3o j\u00e1 tinha sido dada anteriormente por Erlan Bastos, mas na ocasi\u00e3o, Mayra disse que ainda n\u00e3o tinha recebido a intima\u00e7\u00e3o, chamando o colunista de mentiroso.<\/p>\n<p>&#8220;Acabei de ficar sabendo que est\u00e1 saindo uma not\u00edcia mentirosa, at\u00e9 ent\u00e3o, que eu fui intimada, recebi uma liminar, que n\u00e3o posso falar o nome do Arthur Aguiar. Se fosse verdade n\u00e3o estaria falando Arthur Aguiar, Arthur Aguiar. N\u00e3o \u00e9 verdade, eu n\u00e3o recebi nada, estou podendo falar o nome dele&#8221;, declarou.<\/p>\n<p>Na ocasi\u00e3o, ela citou alternativas caso um dia seja proibida de falar o nome de Arthur. &#8220;Se algum dia uma liminar chegar e eu n\u00e3o puder citar o nome dele, eu n\u00e3o preciso. \u00c9 s\u00f3 eu chamar ele de embuste, de qualquer outra coisa, que voc\u00eas v\u00e3o saber quem \u00e9. Ent\u00e3o, n\u00e3o faz o menor sentido&#8221;, debochou.<\/p>\n<p>&#8220;O embuste serve muito, inclusive, para essa qualifica\u00e7\u00e3o. Acho que o embuste \u00e9 um nome muito mais apropriado para ele. Logro tamb\u00e9m, logro funciona. Eu j\u00e1 tinha at\u00e9 feito essa analogia antes para voc\u00eas, ent\u00e3o devolvo aqui. Estou podendo sim falar Arthur Aguiar, n\u00e3o recebi nenhuma intima\u00e7\u00e3o nem nada para parar de falar Arthur Aguiar. Mas Arthur Aguiar, embuste, logro, \u00e9 tudo a mesma coisa. Ent\u00e3o se eu for proibida de falar Arthur Aguiar, eu falo embuste e logro que est\u00e1 tudo certo&#8221;, concluiu.<\/p>\n<p>A ex-BBB acusa Arthur de t\u00ea-la tra\u00eddo mais de vinte vezes. Ela tamb\u00e9m diz que vivia um relacionamento abusivo com o atorm, que tentava controlar seu modo de vestir, falar e se comportar.<\/p>\n<p>&nbsp;<\/p>\n<p><strong>Fonte: Quem Acontece<\/strong><\/p>\n<p>&nbsp;<\/p>\n","protected":false},"excerpt":{"rendered":"<p>Mayra Cardi recebeu uma intima\u00e7\u00e3o da Justi\u00e7a que a pro\u00edbe de falar nome de seu ex-marido, Arthur Aguiar. A informa\u00e7\u00e3o foi dada pelo colunista Leo Dias, que confirmou o caso com a ex-BBB. &#8220;Se n\u00e3o conseguem desmentir, a \u00fanica op\u00e7\u00e3o \u00e9 silenciar&#8221;, disse ela. A informa\u00e7\u00e3o j\u00e1 tinha sido dada anteriormente por Erlan Bastos, mas &hellip;<\/p>\n","protected":false},"author":1,"featured_media":8465,"comment_status":"open","ping_status":"open","sticky":false,"template":"","format":"standard","meta":{"_jetpack_newsletter_access":"","_jetpack_dont_email_post_to_subs":false,"_jetpack_newsletter_tier_id":0,"_jetpack_memberships_contains_paywalled_content":false,"_jetpack_memberships_contains_paid_content":false,"footnotes":""},"categories":[1],"tags":[],"class_list":["post-8464","post","type-post","status-publish","format-standard","has-post-thumbnail","hentry","category-destaque"],"jetpack_sharing_enabled":true,"jetpack_featured_media_url":"","_links":{"self":[{"href":"https:\/\/www.oparanews.com.br\/index.php\/wp-json\/wp\/v2\/posts\/8464","targetHints":{"allow":["GET"]}}],"collection":[{"href":"https:\/\/www.oparanews.com.br\/index.php\/wp-json\/wp\/v2\/posts"}],"about":[{"href":"https:\/\/www.oparanews.com.br\/index.php\/wp-json\/wp\/v2\/types\/post"}],"author":[{"embeddable":true,"href":"https:\/\/www.oparanews.com.br\/index.php\/wp-json\/wp\/v2\/users\/1"}],"replies":[{"embeddable":true,"href":"https:\/\/www.oparanews.com.br\/index.php\/wp-json\/wp\/v2\/comments?post=8464"}],"version-history":[{"count":0,"href":"https:\/\/www.oparanews.com.br\/index.php\/wp-json\/wp\/v2\/posts\/8464\/revisions"}],"wp:attachment":[{"href":"https:\/\/www.oparanews.com.br\/index.php\/wp-json\/wp\/v2\/media?parent=8464"}],"wp:term":[{"taxonomy":"category","embeddable":true,"href":"https:\/\/www.oparanews.com.br\/index.php\/wp-json\/wp\/v2\/categories?post=8464"},{"taxonomy":"post_tag","embeddable":true,"href":"https:\/\/www.oparanews.com.br\/index.php\/wp-json\/wp\/v2\/tags?post=8464"}],"curies":[{"name":"wp","href":"https:\/\/api.w.org\/{rel}","templated":true}]}}