{"id":8467,"date":"2020-08-04T00:19:18","date_gmt":"2020-08-04T00:19:18","guid":{"rendered":"https:\/\/oparanews.com.br\/?p=8467"},"modified":"2020-08-04T00:19:18","modified_gmt":"2020-08-04T00:19:18","slug":"simone-da-dupla-com-simaria-esta-gravida-novamente","status":"publish","type":"post","link":"https:\/\/www.oparanews.com.br\/index.php\/2020\/08\/04\/simone-da-dupla-com-simaria-esta-gravida-novamente\/","title":{"rendered":"Simone, da dupla com Simaria, est\u00e1 gr\u00e1vida novamente"},"content":{"rendered":"<p>Simone, da dupla com Simaria, est\u00e1 gr\u00e1vida de novo. A cantora j\u00e1 \u00e9 m\u00e3e de Henry, que faz seis anos nesta segunda-feira (3), com o empres\u00e1rio Kak\u00e1 Diniz. A informa\u00e7\u00e3o foi confirmada para a Quem pela assessoria de imprensa da artista. A assessoria ainda contou que a artista escolheu o dia de hoje, anivers\u00e1rio de seis anos de Henry, para anunciar a gravidez em seu canal do YouTube.<\/p>\n<p>Simone j\u00e1 falou recentemente sobre sua vontade de aumentar a fam\u00edlia com Kak\u00e1 Diniz, mas divertiu os f\u00e3s ao contar um dos empecilhos que estava enfrentando. &#8220;Se o videogame deixar&#8221;, falou a cantora sobre as tentativas durante a quarentena.<\/p>\n<p>N\u00e3o foi a primeira vez que Simone relatou que estava tentando engravidar. &#8220;Estou treinando na quarentena. Estamos trabalhando aqui para ver se acontece alguma coisa. Porque \u00e9 o seguinte. O Henry vai fazer 6 anos em agosto. Ent\u00e3o tem que acelerar esse neg\u00f3cio a\u00ed&#8221;, disse ela recentemente no Instagram.<\/p>\n<p>A informa\u00e7\u00e3o foi publicada em primeira m\u00e3o pelo jornalista Leo Dias, que soube da not\u00edcia no dia 9 de julho, mas guardou a informa\u00e7\u00e3o a pedido da artista, j\u00e1 que ela estava apenas com tr\u00eas semanas de gesta\u00e7\u00e3o e ainda receosa de anunciar.<\/p>\n<p>&nbsp;<\/p>\n<p><strong>Fonte: QUEM<\/strong><\/p>\n<p>&nbsp;<\/p>\n","protected":false},"excerpt":{"rendered":"<p>Simone, da dupla com Simaria, est\u00e1 gr\u00e1vida de novo. A cantora j\u00e1 \u00e9 m\u00e3e de Henry, que faz seis anos nesta segunda-feira (3), com o empres\u00e1rio Kak\u00e1 Diniz. A informa\u00e7\u00e3o foi confirmada para a Quem pela assessoria de imprensa da artista. A assessoria ainda contou que a artista escolheu o dia de hoje, anivers\u00e1rio de &hellip;<\/p>\n","protected":false},"author":1,"featured_media":8468,"comment_status":"open","ping_status":"open","sticky":false,"template":"","format":"standard","meta":{"_jetpack_newsletter_access":"","_jetpack_dont_email_post_to_subs":false,"_jetpack_newsletter_tier_id":0,"_jetpack_memberships_contains_paywalled_content":false,"_jetpack_memberships_contains_paid_content":false,"footnotes":""},"categories":[1],"tags":[],"class_list":["post-8467","post","type-post","status-publish","format-standard","has-post-thumbnail","hentry","category-destaque"],"jetpack_sharing_enabled":true,"jetpack_featured_media_url":"","_links":{"self":[{"href":"https:\/\/www.oparanews.com.br\/index.php\/wp-json\/wp\/v2\/posts\/8467","targetHints":{"allow":["GET"]}}],"collection":[{"href":"https:\/\/www.oparanews.com.br\/index.php\/wp-json\/wp\/v2\/posts"}],"about":[{"href":"https:\/\/www.oparanews.com.br\/index.php\/wp-json\/wp\/v2\/types\/post"}],"author":[{"embeddable":true,"href":"https:\/\/www.oparanews.com.br\/index.php\/wp-json\/wp\/v2\/users\/1"}],"replies":[{"embeddable":true,"href":"https:\/\/www.oparanews.com.br\/index.php\/wp-json\/wp\/v2\/comments?post=8467"}],"version-history":[{"count":0,"href":"https:\/\/www.oparanews.com.br\/index.php\/wp-json\/wp\/v2\/posts\/8467\/revisions"}],"wp:attachment":[{"href":"https:\/\/www.oparanews.com.br\/index.php\/wp-json\/wp\/v2\/media?parent=8467"}],"wp:term":[{"taxonomy":"category","embeddable":true,"href":"https:\/\/www.oparanews.com.br\/index.php\/wp-json\/wp\/v2\/categories?post=8467"},{"taxonomy":"post_tag","embeddable":true,"href":"https:\/\/www.oparanews.com.br\/index.php\/wp-json\/wp\/v2\/tags?post=8467"}],"curies":[{"name":"wp","href":"https:\/\/api.w.org\/{rel}","templated":true}]}}