{"id":8479,"date":"2020-08-04T00:38:53","date_gmt":"2020-08-04T00:38:53","guid":{"rendered":"https:\/\/oparanews.com.br\/?p=8479"},"modified":"2020-08-04T00:38:53","modified_gmt":"2020-08-04T00:38:53","slug":"carlinhos-maia-revela-planos-de-filme-e-reality-show-apos-a-pandemia","status":"publish","type":"post","link":"https:\/\/www.oparanews.com.br\/index.php\/2020\/08\/04\/carlinhos-maia-revela-planos-de-filme-e-reality-show-apos-a-pandemia\/","title":{"rendered":"Carlinhos Maia revela planos de filme e reality show ap\u00f3s a pandemia"},"content":{"rendered":"<p>Com a pandemia da covid-19, tudo parou \u2014e para Carlinhos Maia, o &#8220;Rei do Instagram&#8221;, n\u00e3o foi diferente.<\/p>\n<p>Durante participa\u00e7\u00e3o no &#8220;OtaLab&#8221; no UOL na \u00faltima quinta-feira (30), o humorista e influenciador digital revelou os planos de carreira para quando for poss\u00edvel retomar as atividades.<\/p>\n<p><strong>Show drive-in? Nem pensar<\/strong><\/p>\n<p>N\u00e3o espere ver Carlinhos Maia aderindo ao novo formato de shows drive-in. O humorista estreou neste ano o espet\u00e1culo &#8220;Acredita, Colega&#8221;, em que ele relata v\u00e1rios momentos marcantes de sua trajet\u00f3ria, mas disse que n\u00e3o se sente confort\u00e1vel em adaptar a apresenta\u00e7\u00e3o para uma plateia dentro de autom\u00f3veis.<\/p>\n<p>&#8220;Eu sou muito povo, sou muito contato. Eu n\u00e3o me vejo falando com o povo pelo carro, sem tocar, sem colocar as pessoas em cima do palco pra resenhar e fazer as coisas. Meu show \u00e9 muita intera\u00e7\u00e3o, como \u00e9 nos meus Stories. \u00c9 um show nosso, n\u00e3o \u00e9 um show meu&#8221;, explicou.<\/p>\n<p><strong>O que vem por a\u00ed?<\/strong><\/p>\n<p>O isolamento continua, mas os planos n\u00e3o param. Durante a conversa com Otaviano, Carlinhos compartilhou o que vem por a\u00ed.<\/p>\n<p>&#8220;Tem muita coisa. Provavelmente volto com o &#8216;Uma Vila de Novela&#8217;, no Multishow. Tem um filme tamb\u00e9m que a gente j\u00e1 estava fechando, da hist\u00f3ria da Vila. Os shows voltam, com certeza.&#8221;<\/p>\n<p>&#8220;Tem um reality que eu vou fazer na casa de praia tamb\u00e9m. Quando a pandemia passar, vamos voltar \u00e0 vida normal, como sempre foi, e a gente vai rodar esse Brasil todinho&#8221;.<\/p>\n<p><strong>&#8216;Eu me recriei&#8217;<\/strong><\/p>\n<p>Com mais de 17 milh\u00f5es de seguidores no Instagram e dono de um dos Stories mais vistos na rede social, Carlinhos Maia contou como usou a crise por causa da pandemia do coronav\u00edrus para se &#8220;reinventar&#8221;.<\/p>\n<p>&#8220;Eu me recriei, fiz muita coisa legal junto com os meus. Funcionou muito para mim, tive \u00e9poca que eu subi at\u00e9 em coqueiro porque n\u00e3o sabia mais o que fazer&#8221;, falou.<\/p>\n<p>&#8220;Toda vez que voc\u00ea se v\u00ea dentro de uma crise, voc\u00ea para, olha para dentro, respira e se ressignifica. Eu acredito que cada vida s\u00e3o mil vidas. Ent\u00e3o eu tive que usar v\u00e1rias dessas minhas vidas nessa pandemia para dar um conte\u00fado diferente para as pessoas.&#8221;<\/p>\n<p>&nbsp;<\/p>\n<p><strong>Fonte: UOL<\/strong><\/p>\n<p>&nbsp;<\/p>\n","protected":false},"excerpt":{"rendered":"<p>Com a pandemia da covid-19, tudo parou \u2014e para Carlinhos Maia, o &#8220;Rei do Instagram&#8221;, n\u00e3o foi diferente. Durante participa\u00e7\u00e3o no &#8220;OtaLab&#8221; no UOL na \u00faltima quinta-feira (30), o humorista e influenciador digital revelou os planos de carreira para quando for poss\u00edvel retomar as atividades. Show drive-in? Nem pensar N\u00e3o espere ver Carlinhos Maia aderindo &hellip;<\/p>\n","protected":false},"author":1,"featured_media":8480,"comment_status":"open","ping_status":"open","sticky":false,"template":"","format":"standard","meta":{"_jetpack_newsletter_access":"","_jetpack_dont_email_post_to_subs":false,"_jetpack_newsletter_tier_id":0,"_jetpack_memberships_contains_paywalled_content":false,"_jetpack_memberships_contains_paid_content":false,"footnotes":""},"categories":[1],"tags":[],"class_list":["post-8479","post","type-post","status-publish","format-standard","has-post-thumbnail","hentry","category-destaque"],"jetpack_sharing_enabled":true,"jetpack_featured_media_url":"","_links":{"self":[{"href":"https:\/\/www.oparanews.com.br\/index.php\/wp-json\/wp\/v2\/posts\/8479","targetHints":{"allow":["GET"]}}],"collection":[{"href":"https:\/\/www.oparanews.com.br\/index.php\/wp-json\/wp\/v2\/posts"}],"about":[{"href":"https:\/\/www.oparanews.com.br\/index.php\/wp-json\/wp\/v2\/types\/post"}],"author":[{"embeddable":true,"href":"https:\/\/www.oparanews.com.br\/index.php\/wp-json\/wp\/v2\/users\/1"}],"replies":[{"embeddable":true,"href":"https:\/\/www.oparanews.com.br\/index.php\/wp-json\/wp\/v2\/comments?post=8479"}],"version-history":[{"count":0,"href":"https:\/\/www.oparanews.com.br\/index.php\/wp-json\/wp\/v2\/posts\/8479\/revisions"}],"wp:attachment":[{"href":"https:\/\/www.oparanews.com.br\/index.php\/wp-json\/wp\/v2\/media?parent=8479"}],"wp:term":[{"taxonomy":"category","embeddable":true,"href":"https:\/\/www.oparanews.com.br\/index.php\/wp-json\/wp\/v2\/categories?post=8479"},{"taxonomy":"post_tag","embeddable":true,"href":"https:\/\/www.oparanews.com.br\/index.php\/wp-json\/wp\/v2\/tags?post=8479"}],"curies":[{"name":"wp","href":"https:\/\/api.w.org\/{rel}","templated":true}]}}