{"id":8485,"date":"2020-08-04T00:44:32","date_gmt":"2020-08-04T00:44:32","guid":{"rendered":"https:\/\/oparanews.com.br\/?p=8485"},"modified":"2020-08-04T00:44:32","modified_gmt":"2020-08-04T00:44:32","slug":"oms-diz-que-talvez-nunca-exista-uma-vacina-contra-covid-19","status":"publish","type":"post","link":"https:\/\/www.oparanews.com.br\/index.php\/2020\/08\/04\/oms-diz-que-talvez-nunca-exista-uma-vacina-contra-covid-19\/","title":{"rendered":"OMS diz que &#8220;talvez nunca exista&#8221; uma vacina contra covid-19"},"content":{"rendered":"<p>O diretor-geral da Organiza\u00e7\u00e3o Mundial Sa\u00fade (OMS), Tedros Adhanom Ghebreyesus, afirmou nesta segunda-feira, 3, que uma vacina ou cura para a covid-19 podem n\u00e3o se tornar realidade.<\/p>\n<p>&#8220;N\u00e3o existe bala de prata no momento e talvez nunca exista&#8221;, disse o diretor-geral. Ele acrescentou que, no momento, h\u00e1 imuniza\u00e7\u00f5es na \u00faltima fase de testes, mas existe a possibilidade de que nenhuma dessas ofere\u00e7a prote\u00e7\u00e3o da forma esperada. Segundo a organiza\u00e7\u00e3o, s\u00e3o 25 vacinas j\u00e1sendo testadas em seres humanos, sendo 6 delas na chamada fase 3 &#8211; os \u00faltimos ensaios antes da conclus\u00e3o.<\/p>\n<p>&#8220;H\u00e1 preocupa\u00e7\u00e3o de que talvez n\u00e3o tenhamos uma vacina que funcione. Ou que a prote\u00e7\u00e3o oferecida possa durar apenas alguns meses, nada mais&#8221;. Tedros declarou que n\u00e3o \u00e9 poss\u00edvel saber at\u00e9 que se concluam os testes. No entanto, disse que ainda existe esperan\u00e7a e que os estudos est\u00e3o sendo desenvolvidos a uma velocidade sem precedentes.<\/p>\n<p>A OMS, mais uma vez, refor\u00e7ou a necessidade de aplicar o conjunto das medidas dispon\u00edveis que funcionam para suprimir a transmiss\u00e3o do novo coronav\u00edrus at\u00e9 que haja uma vacina ou rem\u00e9dio.<\/p>\n<p>A organiza\u00e7\u00e3o indica que pa\u00edses fa\u00e7am a identifica\u00e7\u00e3o dos casos, rastreamento de contatos e isolamento de quem est\u00e1 infectado. Para indiv\u00edduos, recomenda o distanciamento social, a higieniza\u00e7\u00e3o das m\u00e3os com const\u00e2ncia, o uso de m\u00e1scaras onde apropriado e cobrir nariz e boca quando espirrar ou tossir. &#8220;Se fizermos tudo, se adotarmos uma abordagem abrangente, podemos mudar isso&#8221;, afirmou o diretor-geral.<\/p>\n<p>Na sexta-feira, 31, o comit\u00ea de emerg\u00eancia da ag\u00eancia se reuniu e manteve a categoria de emerg\u00eancia global de sa\u00fade p\u00fablica para a pandemia. Nesta segunda-feira, o diretor-geral relembrou que \u00e9 a primeira vez que acontece um surto mundial de um coronav\u00edrus &#8220;Combina dois fatores perigosos: se espalha r\u00e1pido e, ao mesmo tempo, mata&#8221;.<\/p>\n<p>&nbsp;<\/p>\n<p><strong>Fonte: Terra<\/strong><\/p>\n<p>&nbsp;<\/p>\n","protected":false},"excerpt":{"rendered":"<p>O diretor-geral da Organiza\u00e7\u00e3o Mundial Sa\u00fade (OMS), Tedros Adhanom Ghebreyesus, afirmou nesta segunda-feira, 3, que uma vacina ou cura para a covid-19 podem n\u00e3o se tornar realidade. &#8220;N\u00e3o existe bala de prata no momento e talvez nunca exista&#8221;, disse o diretor-geral. Ele acrescentou que, no momento, h\u00e1 imuniza\u00e7\u00f5es na \u00faltima fase de testes, mas existe &hellip;<\/p>\n","protected":false},"author":1,"featured_media":8486,"comment_status":"open","ping_status":"open","sticky":false,"template":"","format":"standard","meta":{"_jetpack_newsletter_access":"","_jetpack_dont_email_post_to_subs":false,"_jetpack_newsletter_tier_id":0,"_jetpack_memberships_contains_paywalled_content":false,"_jetpack_memberships_contains_paid_content":false,"footnotes":""},"categories":[1],"tags":[],"class_list":["post-8485","post","type-post","status-publish","format-standard","has-post-thumbnail","hentry","category-destaque"],"jetpack_sharing_enabled":true,"jetpack_featured_media_url":"","_links":{"self":[{"href":"https:\/\/www.oparanews.com.br\/index.php\/wp-json\/wp\/v2\/posts\/8485","targetHints":{"allow":["GET"]}}],"collection":[{"href":"https:\/\/www.oparanews.com.br\/index.php\/wp-json\/wp\/v2\/posts"}],"about":[{"href":"https:\/\/www.oparanews.com.br\/index.php\/wp-json\/wp\/v2\/types\/post"}],"author":[{"embeddable":true,"href":"https:\/\/www.oparanews.com.br\/index.php\/wp-json\/wp\/v2\/users\/1"}],"replies":[{"embeddable":true,"href":"https:\/\/www.oparanews.com.br\/index.php\/wp-json\/wp\/v2\/comments?post=8485"}],"version-history":[{"count":0,"href":"https:\/\/www.oparanews.com.br\/index.php\/wp-json\/wp\/v2\/posts\/8485\/revisions"}],"wp:attachment":[{"href":"https:\/\/www.oparanews.com.br\/index.php\/wp-json\/wp\/v2\/media?parent=8485"}],"wp:term":[{"taxonomy":"category","embeddable":true,"href":"https:\/\/www.oparanews.com.br\/index.php\/wp-json\/wp\/v2\/categories?post=8485"},{"taxonomy":"post_tag","embeddable":true,"href":"https:\/\/www.oparanews.com.br\/index.php\/wp-json\/wp\/v2\/tags?post=8485"}],"curies":[{"name":"wp","href":"https:\/\/api.w.org\/{rel}","templated":true}]}}