{"id":8488,"date":"2020-08-04T00:48:59","date_gmt":"2020-08-04T00:48:59","guid":{"rendered":"https:\/\/oparanews.com.br\/?p=8488"},"modified":"2020-08-04T00:48:59","modified_gmt":"2020-08-04T00:48:59","slug":"premio-multishow-2020-e-confirmado-com-iza-e-tata-werneck","status":"publish","type":"post","link":"https:\/\/www.oparanews.com.br\/index.php\/2020\/08\/04\/premio-multishow-2020-e-confirmado-com-iza-e-tata-werneck\/","title":{"rendered":"Pr\u00eamio Multishow 2020 \u00e9 confirmado com Iza e Tat\u00e1 Werneck"},"content":{"rendered":"<p>Apesar da pandemia do novo coronav\u00edrus, o Pr\u00eamio Multishow 2020 est\u00e1 confirmad\u00edssimo para acontecer, com alguns convidados j\u00e1 confirmados.<\/p>\n<p>Iza, Tat\u00e1 Werneck e Paulo Gustavo foram as grandes estrelas convidada para comandar esse grande momento da m\u00fasica brasileira, que representar\u00e1 a transforma\u00e7\u00e3o da ind\u00fastria ap\u00f3s a covid-19.<\/p>\n<p>Durante esta semana se dar\u00e1 in\u00edcio \u00e0 primeira fase de vota\u00e7\u00f5es, com a Academia do Pr\u00eamio Multishow, formada por profissionais ligados \u00e0 ind\u00fastria da m\u00fasica, elegendo os indicados nas 15 categorias.<\/p>\n<p>\u201cNesses tempos de pandemia, a m\u00fasica se transformou e mostrou ainda mais a sua for\u00e7a. Na esfera individual, as lives chegaram para entreter, nos proporcionar momentos de divers\u00e3o e descompress\u00e3o, diante desse dif\u00edcil contexto\u201d, explicou Tatiana Costa, diretora do Multishow.<\/p>\n<p>\u201cNo coletivo, a m\u00fasica tem mostrado o seu papel social, engajando o p\u00fablico em arrecada\u00e7\u00f5es para reduzir os impactos da crise. O pr\u00eamio chegar\u00e1 para celebrar a m\u00fasica e seus agentes, para dar holofote a esse papel de responsabilidade cultural, ainda mais fundamental nos dias de hoje. A edi\u00e7\u00e3o deste ano estar\u00e1 por todo Brasil, representando o grande protagonismo da m\u00fasica no pa\u00eds em 2020\u201d, completou ela.<\/p>\n<p>&nbsp;<\/p>\n<p><strong>Fonte: O Fuxico<\/strong><\/p>\n<p>&nbsp;<\/p>\n","protected":false},"excerpt":{"rendered":"<p>Apesar da pandemia do novo coronav\u00edrus, o Pr\u00eamio Multishow 2020 est\u00e1 confirmad\u00edssimo para acontecer, com alguns convidados j\u00e1 confirmados. Iza, Tat\u00e1 Werneck e Paulo Gustavo foram as grandes estrelas convidada para comandar esse grande momento da m\u00fasica brasileira, que representar\u00e1 a transforma\u00e7\u00e3o da ind\u00fastria ap\u00f3s a covid-19. Durante esta semana se dar\u00e1 in\u00edcio \u00e0 primeira &hellip;<\/p>\n","protected":false},"author":1,"featured_media":8489,"comment_status":"open","ping_status":"open","sticky":false,"template":"","format":"standard","meta":{"_jetpack_newsletter_access":"","_jetpack_dont_email_post_to_subs":false,"_jetpack_newsletter_tier_id":0,"_jetpack_memberships_contains_paywalled_content":false,"_jetpack_memberships_contains_paid_content":false,"footnotes":""},"categories":[1],"tags":[],"class_list":["post-8488","post","type-post","status-publish","format-standard","has-post-thumbnail","hentry","category-destaque"],"jetpack_sharing_enabled":true,"jetpack_featured_media_url":"","_links":{"self":[{"href":"https:\/\/www.oparanews.com.br\/index.php\/wp-json\/wp\/v2\/posts\/8488","targetHints":{"allow":["GET"]}}],"collection":[{"href":"https:\/\/www.oparanews.com.br\/index.php\/wp-json\/wp\/v2\/posts"}],"about":[{"href":"https:\/\/www.oparanews.com.br\/index.php\/wp-json\/wp\/v2\/types\/post"}],"author":[{"embeddable":true,"href":"https:\/\/www.oparanews.com.br\/index.php\/wp-json\/wp\/v2\/users\/1"}],"replies":[{"embeddable":true,"href":"https:\/\/www.oparanews.com.br\/index.php\/wp-json\/wp\/v2\/comments?post=8488"}],"version-history":[{"count":0,"href":"https:\/\/www.oparanews.com.br\/index.php\/wp-json\/wp\/v2\/posts\/8488\/revisions"}],"wp:attachment":[{"href":"https:\/\/www.oparanews.com.br\/index.php\/wp-json\/wp\/v2\/media?parent=8488"}],"wp:term":[{"taxonomy":"category","embeddable":true,"href":"https:\/\/www.oparanews.com.br\/index.php\/wp-json\/wp\/v2\/categories?post=8488"},{"taxonomy":"post_tag","embeddable":true,"href":"https:\/\/www.oparanews.com.br\/index.php\/wp-json\/wp\/v2\/tags?post=8488"}],"curies":[{"name":"wp","href":"https:\/\/api.w.org\/{rel}","templated":true}]}}