{"id":8497,"date":"2020-08-04T17:37:47","date_gmt":"2020-08-04T17:37:47","guid":{"rendered":"https:\/\/oparanews.com.br\/?p=8497"},"modified":"2020-08-04T17:37:47","modified_gmt":"2020-08-04T17:37:47","slug":"pm-al-convoca-14-aprovados-de-concurso-de-2006-para-curso-de-formacao","status":"publish","type":"post","link":"https:\/\/www.oparanews.com.br\/index.php\/2020\/08\/04\/pm-al-convoca-14-aprovados-de-concurso-de-2006-para-curso-de-formacao\/","title":{"rendered":"PM\/AL convoca 14 aprovados de concurso de 2006 para curso de forma\u00e7\u00e3o"},"content":{"rendered":"<p>Ap\u00f3s 14 anos de espera, 14 aprovados no concurso para soldado combatente da Pol\u00edcia Militar de Alagoas (PM\/AL) finalmente conseguiram ser convocados. O chamamento para o Curso de Forma\u00e7\u00e3o de Pra\u00e7as da PM foi publicado no Di\u00e1rio Oficial do Estado dessa segunda-feira (3). O certame foi alvo de diversas a\u00e7\u00f5es na justi\u00e7a pela demora nas convoca\u00e7\u00f5es.<\/p>\n<p>Os 14 convocados devem imprimir o formul\u00e1rio dispon\u00edvel no site da Pol\u00edcia Militar. No mesmo endere\u00e7o, \u00e9 poss\u00edvel conferir a lista de convocados. Os mesmos devem comparecer \u00e0 Diretoria de Pessoal da corpora\u00e7\u00e3o, no Quartel Geral da PM, no Distrito Industrial Governador Luiz Cavalcante, Quadra 8, no bairro do Tabuleiro do Martins.<\/p>\n<p>A entrega da documenta\u00e7\u00e3o deve ser feita at\u00e9 o dia 03 de setembro, entre 8h e 11h. Os convocados devem portar o formul\u00e1rio disponibilizado, documento de identidade com foto, reservista ou dispensa de incorpora\u00e7\u00e3o, certid\u00e3o de conclus\u00e3o do ensino m\u00e9dio autenticada, habilita\u00e7\u00e3o categoria B (c\u00f3pia autenticada) e comprovante de resid\u00eancia atualizado.<\/p>\n<p>Em meados do ano passado, foram convocados 300 dos aprovados. Uma a\u00e7\u00e3o na justi\u00e7a, que foi parar no Supremo Tribunal Federal (STF), obriga o governo a convocar os aprovados. N\u00e3o foi informado pela PMAL se os 14 convocados nessa segunda (3) eram os \u00faltimos restantes, ou se ainda h\u00e1 aprovados para serem incorporados.<\/p>\n<p>A decis\u00e3o da justi\u00e7a determinava que as convoca\u00e7\u00f5es fossem feitas em ordem de classifica\u00e7\u00e3o no concurso.<\/p>\n<p>&nbsp;<\/p>\n<p><strong>Fonte: com Assessoria<\/strong><\/p>\n<p>&nbsp;<\/p>\n","protected":false},"excerpt":{"rendered":"<p>Ap\u00f3s 14 anos de espera, 14 aprovados no concurso para soldado combatente da Pol\u00edcia Militar de Alagoas (PM\/AL) finalmente conseguiram ser convocados. O chamamento para o Curso de Forma\u00e7\u00e3o de Pra\u00e7as da PM foi publicado no Di\u00e1rio Oficial do Estado dessa segunda-feira (3). O certame foi alvo de diversas a\u00e7\u00f5es na justi\u00e7a pela demora nas &hellip;<\/p>\n","protected":false},"author":1,"featured_media":8498,"comment_status":"open","ping_status":"open","sticky":false,"template":"","format":"standard","meta":{"_jetpack_newsletter_access":"","_jetpack_dont_email_post_to_subs":false,"_jetpack_newsletter_tier_id":0,"_jetpack_memberships_contains_paywalled_content":false,"_jetpack_memberships_contains_paid_content":false,"footnotes":""},"categories":[1],"tags":[],"class_list":["post-8497","post","type-post","status-publish","format-standard","has-post-thumbnail","hentry","category-destaque"],"jetpack_sharing_enabled":true,"jetpack_featured_media_url":"","_links":{"self":[{"href":"https:\/\/www.oparanews.com.br\/index.php\/wp-json\/wp\/v2\/posts\/8497","targetHints":{"allow":["GET"]}}],"collection":[{"href":"https:\/\/www.oparanews.com.br\/index.php\/wp-json\/wp\/v2\/posts"}],"about":[{"href":"https:\/\/www.oparanews.com.br\/index.php\/wp-json\/wp\/v2\/types\/post"}],"author":[{"embeddable":true,"href":"https:\/\/www.oparanews.com.br\/index.php\/wp-json\/wp\/v2\/users\/1"}],"replies":[{"embeddable":true,"href":"https:\/\/www.oparanews.com.br\/index.php\/wp-json\/wp\/v2\/comments?post=8497"}],"version-history":[{"count":0,"href":"https:\/\/www.oparanews.com.br\/index.php\/wp-json\/wp\/v2\/posts\/8497\/revisions"}],"wp:attachment":[{"href":"https:\/\/www.oparanews.com.br\/index.php\/wp-json\/wp\/v2\/media?parent=8497"}],"wp:term":[{"taxonomy":"category","embeddable":true,"href":"https:\/\/www.oparanews.com.br\/index.php\/wp-json\/wp\/v2\/categories?post=8497"},{"taxonomy":"post_tag","embeddable":true,"href":"https:\/\/www.oparanews.com.br\/index.php\/wp-json\/wp\/v2\/tags?post=8497"}],"curies":[{"name":"wp","href":"https:\/\/api.w.org\/{rel}","templated":true}]}}