{"id":8500,"date":"2020-08-04T17:40:01","date_gmt":"2020-08-04T17:40:01","guid":{"rendered":"https:\/\/oparanews.com.br\/?p=8500"},"modified":"2020-08-04T17:40:01","modified_gmt":"2020-08-04T17:40:01","slug":"eleicoes-pros-quer-conquistar-quatro-cadeiras-na-camara-de-palmeira","status":"publish","type":"post","link":"https:\/\/www.oparanews.com.br\/index.php\/2020\/08\/04\/eleicoes-pros-quer-conquistar-quatro-cadeiras-na-camara-de-palmeira\/","title":{"rendered":"Elei\u00e7\u00f5es: PROS quer conquistar quatro cadeiras na C\u00e2mara de Palmeira"},"content":{"rendered":"<p>O Partido Republicano da Ordem Social (PROS) em Alagoas pretende conseguir quatro vagas na C\u00e2mara Municipal de Palmeira dos \u00cdndios nas elei\u00e7\u00f5es deste ano. No \u00faltimo s\u00e1bado (1\u00ba), a chapa de pr\u00e9-candidatos se reuniu com o presidente estadual da legenda, Eduardo Rossiter, e tra\u00e7ou estrat\u00e9gias para o per\u00edodo eleitoral de 2020.<\/p>\n<p>&#8220;Nosso grupo foi escolhido a dedo e temos grandes chances de conseguir ocupar at\u00e9 quatro cadeiras na C\u00e2mara. Vamos seguir trabalhando forte para alcan\u00e7ar esse objetivo, que vai ser em benef\u00edcio de toda popula\u00e7\u00e3o&#8221;, falou Rossiter.<\/p>\n<p>A chapa est\u00e1 composta por 23 pr\u00e9-candidatos, sendo dois vereadores de mandato e outros nomes que j\u00e1 assumiram o cargo em elei\u00e7\u00f5es passadas. Um deles \u00e9 J\u00fanior Miranda, que busca a reelei\u00e7\u00e3o pelo PROS. &#8220;Pretendo disputar mais uma elei\u00e7\u00e3o por este grande partido, que conta com a presen\u00e7a senador Fernando Collor, meu aliado pol\u00edtico em v\u00e1rios pleitos. A gente precisa continuar defendendo a popula\u00e7\u00e3o da mesma forma que sempre defendemos, com seriedade e comprometimento&#8221;, declarou.<\/p>\n<p>O grupo conta com novos nomes que poder\u00e3o surpreender e renovar a C\u00e2mara da cidade. &#8220;A expectativa nessa elei\u00e7\u00e3o \u00e9 realmente trazer uma renova\u00e7\u00e3o para nossa C\u00e2mara de Vereadores. Palmeira dos \u00cdndios tem um grande potencial para ser um modelo no sistema de educa\u00e7\u00e3o eficaz, por exemplo. Com o PROS aqui em Palmeira vamos acelerar esse processo de renova\u00e7\u00e3o com possibilidade de eleger pessoas certas para um bom mandato&#8221;, falou o pr\u00e9-candidato Professor Fernandes.<\/p>\n<p>Este desejo de mudan\u00e7a respinga em diversos pr\u00e9-candidatos, \u00e9 o caso de Iza Dantas. &#8220;Tenho muito interesse de fazer o melhor por Palmeira, porque amo a cidade. Mesmo sem mandato, sempre lutei por melhorias na nosso munic\u00edpio e sei que agora, caso eu assuma uma das vagas, poderei fazer bem mais&#8221;, pontuou Iza Dantas.<\/p>\n<p>As elei\u00e7\u00f5es de 2020 est\u00e3o previstas para acontecer em 15 novembro, no primeiro turno, e 29 do mesmo m\u00eas para disputa do segundo turno.<\/p>\n<p>&nbsp;<\/p>\n<p><strong>Fonte: com Assessoria<\/strong><\/p>\n<p>&nbsp;<\/p>\n","protected":false},"excerpt":{"rendered":"<p>O Partido Republicano da Ordem Social (PROS) em Alagoas pretende conseguir quatro vagas na C\u00e2mara Municipal de Palmeira dos \u00cdndios nas elei\u00e7\u00f5es deste ano. No \u00faltimo s\u00e1bado (1\u00ba), a chapa de pr\u00e9-candidatos se reuniu com o presidente estadual da legenda, Eduardo Rossiter, e tra\u00e7ou estrat\u00e9gias para o per\u00edodo eleitoral de 2020. &#8220;Nosso grupo foi escolhido &hellip;<\/p>\n","protected":false},"author":1,"featured_media":8501,"comment_status":"open","ping_status":"open","sticky":false,"template":"","format":"standard","meta":{"_jetpack_newsletter_access":"","_jetpack_dont_email_post_to_subs":false,"_jetpack_newsletter_tier_id":0,"_jetpack_memberships_contains_paywalled_content":false,"_jetpack_memberships_contains_paid_content":false,"footnotes":""},"categories":[1],"tags":[],"class_list":["post-8500","post","type-post","status-publish","format-standard","has-post-thumbnail","hentry","category-destaque"],"jetpack_sharing_enabled":true,"jetpack_featured_media_url":"","_links":{"self":[{"href":"https:\/\/www.oparanews.com.br\/index.php\/wp-json\/wp\/v2\/posts\/8500","targetHints":{"allow":["GET"]}}],"collection":[{"href":"https:\/\/www.oparanews.com.br\/index.php\/wp-json\/wp\/v2\/posts"}],"about":[{"href":"https:\/\/www.oparanews.com.br\/index.php\/wp-json\/wp\/v2\/types\/post"}],"author":[{"embeddable":true,"href":"https:\/\/www.oparanews.com.br\/index.php\/wp-json\/wp\/v2\/users\/1"}],"replies":[{"embeddable":true,"href":"https:\/\/www.oparanews.com.br\/index.php\/wp-json\/wp\/v2\/comments?post=8500"}],"version-history":[{"count":0,"href":"https:\/\/www.oparanews.com.br\/index.php\/wp-json\/wp\/v2\/posts\/8500\/revisions"}],"wp:attachment":[{"href":"https:\/\/www.oparanews.com.br\/index.php\/wp-json\/wp\/v2\/media?parent=8500"}],"wp:term":[{"taxonomy":"category","embeddable":true,"href":"https:\/\/www.oparanews.com.br\/index.php\/wp-json\/wp\/v2\/categories?post=8500"},{"taxonomy":"post_tag","embeddable":true,"href":"https:\/\/www.oparanews.com.br\/index.php\/wp-json\/wp\/v2\/tags?post=8500"}],"curies":[{"name":"wp","href":"https:\/\/api.w.org\/{rel}","templated":true}]}}