{"id":8503,"date":"2020-08-05T00:21:27","date_gmt":"2020-08-05T00:21:27","guid":{"rendered":"https:\/\/oparanews.com.br\/?p=8503"},"modified":"2020-08-05T00:21:27","modified_gmt":"2020-08-05T00:21:27","slug":"alagoas-confirma-mais-573-casos-e-14-mortes-por-covid-19-em-24-horas","status":"publish","type":"post","link":"https:\/\/www.oparanews.com.br\/index.php\/2020\/08\/05\/alagoas-confirma-mais-573-casos-e-14-mortes-por-covid-19-em-24-horas\/","title":{"rendered":"Alagoas confirma mais 573 casos e 14 mortes por Covid-19 em 24 horas"},"content":{"rendered":"<p>Alagoas confirmou 573 novos casos e mais 14 mortes por Covid-19 nesta ter\u00e7a-feira (4). O n\u00famero di\u00e1rio de casos \u00e9 menos da metade do que foi registrado no \u00faltimo domingo (2). O n\u00famero di\u00e1rio de mortes, contudo, foi maior.<\/p>\n<p>Com os novos dados do boletim epidemiol\u00f3gico, o total de casos confirmados no estado subiu para 63.351 e o de mortes, para 1.621.<\/p>\n<p>Somente em Macei\u00f3, s\u00e3o mais de 23 mil casos e 745 mortes desde o in\u00edcio da pandemia at\u00e9 esta tarde.<\/p>\n<p>Entre os casos confirmados em todo o estado, 55.568 pessoas conseguiram se recuperar. Alagoas tem ainda 1.524 casos suspeitos, que aguardam resultado dos testes laboratoriais.<\/p>\n<p>O \u00faltimo levantamento dos leitos exclusivos para atendimento de pacientes com Covid-19, feito na segunda (3), mostra que a taxa de ocupa\u00e7\u00e3o estava em 30%. Considerando apenas os leitos de UTI, a taxa de ocupa\u00e7\u00e3o estava em 54%.<\/p>\n<p>Dos novos \u00f3bitos confirmados nesta tarde, seis pessoas eram residentes em Macei\u00f3, o restante morava em munic\u00edpios do interior do estado.<\/p>\n<p>Mais 14 mortes por Covid-19 em Alagoas<\/p>\n<p>Macei\u00f3: Homem, 55 anos, cardiopata<br \/>\nMacei\u00f3: Homem, 76 anos, sem comorbidades<br \/>\nMacei\u00f3: Homem, 87 anos, sem comorbidades<br \/>\nMacei\u00f3: Homem, 66 anos, sem comorbidades<br \/>\nMacei\u00f3: Mulher, 89 anos, cardiopata<br \/>\nMacei\u00f3: Mulher, 69 anos,doen\u00e7a cardiovascular<br \/>\nSantana do Ipanema: Mulher, 60 anos, sem comorbidades<br \/>\nSantana do Ipanema: Mulher, 42 anos, sem comorbidades<br \/>\nArapiraca: Homem, 87 anos, sem comorbidades<br \/>\nCra\u00edbas: Mulher, 81 anos, sem comorbidades<br \/>\nMarechal Deodoro: Homem, 75 anos, doen\u00e7a hep\u00e1tica<br \/>\nPilar: Homem, 69 anos, cardiopata<br \/>\nPorto Calvo: Homem, 58 anos, sem comorbidades<br \/>\nRio Largo: Mulher, 63 anos, hipertensa<\/p>\n<p>&nbsp;<\/p>\n<p><strong>Fonte: G1\/AL<\/strong><\/p>\n<p>&nbsp;<\/p>\n","protected":false},"excerpt":{"rendered":"<p>Alagoas confirmou 573 novos casos e mais 14 mortes por Covid-19 nesta ter\u00e7a-feira (4). O n\u00famero di\u00e1rio de casos \u00e9 menos da metade do que foi registrado no \u00faltimo domingo (2). O n\u00famero di\u00e1rio de mortes, contudo, foi maior. Com os novos dados do boletim epidemiol\u00f3gico, o total de casos confirmados no estado subiu para &hellip;<\/p>\n","protected":false},"author":1,"featured_media":5161,"comment_status":"open","ping_status":"open","sticky":false,"template":"","format":"standard","meta":{"_jetpack_newsletter_access":"","_jetpack_dont_email_post_to_subs":false,"_jetpack_newsletter_tier_id":0,"_jetpack_memberships_contains_paywalled_content":false,"_jetpack_memberships_contains_paid_content":false,"footnotes":""},"categories":[1],"tags":[],"class_list":["post-8503","post","type-post","status-publish","format-standard","has-post-thumbnail","hentry","category-destaque"],"jetpack_sharing_enabled":true,"jetpack_featured_media_url":"","_links":{"self":[{"href":"https:\/\/www.oparanews.com.br\/index.php\/wp-json\/wp\/v2\/posts\/8503","targetHints":{"allow":["GET"]}}],"collection":[{"href":"https:\/\/www.oparanews.com.br\/index.php\/wp-json\/wp\/v2\/posts"}],"about":[{"href":"https:\/\/www.oparanews.com.br\/index.php\/wp-json\/wp\/v2\/types\/post"}],"author":[{"embeddable":true,"href":"https:\/\/www.oparanews.com.br\/index.php\/wp-json\/wp\/v2\/users\/1"}],"replies":[{"embeddable":true,"href":"https:\/\/www.oparanews.com.br\/index.php\/wp-json\/wp\/v2\/comments?post=8503"}],"version-history":[{"count":0,"href":"https:\/\/www.oparanews.com.br\/index.php\/wp-json\/wp\/v2\/posts\/8503\/revisions"}],"wp:attachment":[{"href":"https:\/\/www.oparanews.com.br\/index.php\/wp-json\/wp\/v2\/media?parent=8503"}],"wp:term":[{"taxonomy":"category","embeddable":true,"href":"https:\/\/www.oparanews.com.br\/index.php\/wp-json\/wp\/v2\/categories?post=8503"},{"taxonomy":"post_tag","embeddable":true,"href":"https:\/\/www.oparanews.com.br\/index.php\/wp-json\/wp\/v2\/tags?post=8503"}],"curies":[{"name":"wp","href":"https:\/\/api.w.org\/{rel}","templated":true}]}}