{"id":8513,"date":"2020-08-05T17:28:55","date_gmt":"2020-08-05T17:28:55","guid":{"rendered":"https:\/\/oparanews.com.br\/?p=8513"},"modified":"2020-08-05T17:28:55","modified_gmt":"2020-08-05T17:28:55","slug":"especialistas-apontam-para-o-aumento-das-transmissao-da-covid-19-em-al","status":"publish","type":"post","link":"https:\/\/www.oparanews.com.br\/index.php\/2020\/08\/05\/especialistas-apontam-para-o-aumento-das-transmissao-da-covid-19-em-al\/","title":{"rendered":"Especialistas apontam para o aumento das transmiss\u00e3o da Covid-19 em AL"},"content":{"rendered":"<p>O novo boletim do Observat\u00f3rio Alagoano de Pol\u00edticas P\u00fablicas para o enfrentamento da Covid-19, referente \u00e0 31\u00aa Semana Epidemiol\u00f3gica (que compreende de 26 de julho e 1\u00ba de agosto), mostra que houve um aumento na transmiss\u00e3o do novo coronav\u00edrus em Alagoas, sugerindo descontrole da situa\u00e7\u00e3o no Estado. De acordo com o boletim, foi registrado um crescimento de 22%, que representa a segunda maior alta no n\u00famero de casos de infectados pelo v\u00edrus.<\/p>\n<p>De acordo com o documento, seis das 11 regi\u00f5es de sa\u00fade de Alagoas apresentaram aumento no n\u00famero de novos casos. A 2\u00aa Regi\u00e3o, que compreende os munic\u00edpios do Litoral Norte, obteve os dados mais expressivos e preocupantes, quadruplicando os n\u00fameros de infectados de uma semana para outra.<\/p>\n<p>Nestes munic\u00edpios, &#8220;houve avan\u00e7o de fase do plano de distanciamento controlado adotado pelo Governo do Estado, ap\u00f3s ter apresentado evid\u00eancias de controle nas semanas anteriores. J\u00e1 Macei\u00f3, que iniciou a fase amarela no \u00faltimo dia 20, tamb\u00e9m voltou a apresentar um aumento no n\u00famero de novos casos ao longo da 31\u00aa semana&#8221;, destaca o boletim, mostrando 15% a mais de infectados na capital.<\/p>\n<p>As 3\u00aa e 6\u00aa regi\u00f5es de sa\u00fade tamb\u00e9m revelaram acelera\u00e7\u00e3o da transmiss\u00e3o, onde os casos triplicaram e duplicaram, respectivamente.<\/p>\n<p>O professor Gabriel Badue destaca os gr\u00e1ficos que mostram a situa\u00e7\u00e3o geral no Brasil, a espec\u00edfica de Alagoas e, a t\u00edtulo de compara\u00e7\u00e3o, as curvas de novos casos na Espanha e na It\u00e1lia. &#8220;Vejam a diferen\u00e7a de comportamento. L\u00e1 [nesses pa\u00edses europeus], eles iniciaram a flexibiliza\u00e7\u00e3o das atividades em maio, depois de quarentena severa. Aqui, n\u00f3s estamos patinando h\u00e1 mais de 130 dias. O desencontro de informa\u00e7\u00f5es das autoridades, somada \u00e0s p\u00e9ssimas condi\u00e7\u00f5es de vida de grande parte da nossa popula\u00e7\u00e3o, al\u00e9m do desrespeito \u00e0s medidas de seguran\u00e7a, podem provocar um agravamento da situa\u00e7\u00e3o&#8221;, lamenta o professor da Ufal que assina o boletim com outros cinco pesquisadores.<\/p>\n<p>Apesar do avan\u00e7o do n\u00famero de infectados, o boletim do Observat\u00f3rio mostra que os hospitais est\u00e3o mais esvaziados. Houve redu\u00e7\u00e3o na ocupa\u00e7\u00e3o dos leitos exclusivos para tratamento da Covid-19 na rede p\u00fablica de sa\u00fade alagoana, conforme dados da Secretaria Estadual de Sa\u00fade (Sesau).<\/p>\n<p>At\u00e9 o \u00faltimo domingo (2), tanto Macei\u00f3 quanto o interior estavam com 50% de ocupa\u00e7\u00e3o. O ideal, segundo indica o Comit\u00ea Cient\u00edfico de Combate ao Coronav\u00edrus no Nordeste (C4NE), \u00e9 que os hospitais tenham, no m\u00e1ximo, 70% dos leitos ocupados.<\/p>\n<p>A queda tamb\u00e9m foi registrada no n\u00famero de \u00f3bitos. Segundo o documento, a 31\u00aa Semana Epidemiol\u00f3gica resultou em 10% menos notifica\u00e7\u00f5es de mortes por Covid-19 no territ\u00f3rio alagoano, mantendo a tend\u00eancia do per\u00edodo anterior.<\/p>\n<p>&#8220;Refor\u00e7amos a necessidade de efetivar a fiscaliza\u00e7\u00e3o de estabelecimentos comerciais e religiosos, os quais se configuram como pontos cr\u00edticos de aglomera\u00e7\u00e3o de pessoas. Alertamos quanto \u00e0 necessidade da rigorosa ado\u00e7\u00e3o das medidas previstas nos protocolos sanit\u00e1rios dedicados a cada uma das atividades que est\u00e3o sendo liberadas, sob risco de recrudescimento das medidas de isolamento social caso a tend\u00eancia de aumento de novos casos se mantenha o que, invariavelmente, causar\u00e1 um aumento de casos graves e \u00f3bitos, pressionando a demanda do sistema de sa\u00fade&#8221;, colocam os especialistas.<\/p>\n<p>&nbsp;<\/p>\n<p><strong>Fonte: com Assessoria<\/strong><\/p>\n<p>&nbsp;<\/p>\n","protected":false},"excerpt":{"rendered":"<p>O novo boletim do Observat\u00f3rio Alagoano de Pol\u00edticas P\u00fablicas para o enfrentamento da Covid-19, referente \u00e0 31\u00aa Semana Epidemiol\u00f3gica (que compreende de 26 de julho e 1\u00ba de agosto), mostra que houve um aumento na transmiss\u00e3o do novo coronav\u00edrus em Alagoas, sugerindo descontrole da situa\u00e7\u00e3o no Estado. De acordo com o boletim, foi registrado um &hellip;<\/p>\n","protected":false},"author":1,"featured_media":8514,"comment_status":"open","ping_status":"open","sticky":false,"template":"","format":"standard","meta":{"_jetpack_newsletter_access":"","_jetpack_dont_email_post_to_subs":false,"_jetpack_newsletter_tier_id":0,"_jetpack_memberships_contains_paywalled_content":false,"_jetpack_memberships_contains_paid_content":false,"footnotes":""},"categories":[1],"tags":[],"class_list":["post-8513","post","type-post","status-publish","format-standard","has-post-thumbnail","hentry","category-destaque"],"jetpack_sharing_enabled":true,"jetpack_featured_media_url":"","_links":{"self":[{"href":"https:\/\/www.oparanews.com.br\/index.php\/wp-json\/wp\/v2\/posts\/8513","targetHints":{"allow":["GET"]}}],"collection":[{"href":"https:\/\/www.oparanews.com.br\/index.php\/wp-json\/wp\/v2\/posts"}],"about":[{"href":"https:\/\/www.oparanews.com.br\/index.php\/wp-json\/wp\/v2\/types\/post"}],"author":[{"embeddable":true,"href":"https:\/\/www.oparanews.com.br\/index.php\/wp-json\/wp\/v2\/users\/1"}],"replies":[{"embeddable":true,"href":"https:\/\/www.oparanews.com.br\/index.php\/wp-json\/wp\/v2\/comments?post=8513"}],"version-history":[{"count":0,"href":"https:\/\/www.oparanews.com.br\/index.php\/wp-json\/wp\/v2\/posts\/8513\/revisions"}],"wp:attachment":[{"href":"https:\/\/www.oparanews.com.br\/index.php\/wp-json\/wp\/v2\/media?parent=8513"}],"wp:term":[{"taxonomy":"category","embeddable":true,"href":"https:\/\/www.oparanews.com.br\/index.php\/wp-json\/wp\/v2\/categories?post=8513"},{"taxonomy":"post_tag","embeddable":true,"href":"https:\/\/www.oparanews.com.br\/index.php\/wp-json\/wp\/v2\/tags?post=8513"}],"curies":[{"name":"wp","href":"https:\/\/api.w.org\/{rel}","templated":true}]}}