{"id":8516,"date":"2020-08-05T17:34:25","date_gmt":"2020-08-05T17:34:25","guid":{"rendered":"https:\/\/oparanews.com.br\/?p=8516"},"modified":"2020-08-05T17:34:25","modified_gmt":"2020-08-05T17:34:25","slug":"oms-reabrir-escolas-sem-controlar-covid-19-piora-o-problema","status":"publish","type":"post","link":"https:\/\/www.oparanews.com.br\/index.php\/2020\/08\/05\/oms-reabrir-escolas-sem-controlar-covid-19-piora-o-problema\/","title":{"rendered":"OMS: Reabrir escolas sem controlar covid-19 piora o problema"},"content":{"rendered":"<p>O diretor de emerg\u00eancias da Organiza\u00e7\u00e3o Mundial da Sa\u00fade (OMS), Michael Ryan, disse nesta quarta-feira, 5, que realizar a volta \u00e0s aulas em pa\u00edses que n\u00e3o controlaram a transmiss\u00e3o de covid-19 piora o problema.<\/p>\n<p>&#8220;N\u00f3s todos queremos nossas crian\u00e7as de volta \u00e0s escolas&#8221;, afirmou durante live para responder d\u00favidas do p\u00fablico. &#8220;Mas abrir as institui\u00e7\u00f5es em meio \u00e0 transmiss\u00e3o comunit\u00e1ria provavelmente vai piorar o problema&#8221;.<\/p>\n<p>A l\u00edder t\u00e9cnica da resposta ao coronav\u00edrus da OMS, Maria Van Kerkhove, declarou que, nesta discuss\u00e3o, \u00e9 necess\u00e1rio sempre lembrar que escolas n\u00e3o s\u00e3o ambientes separados de seu entorno. &#8220;Se houver transmiss\u00e3o na comunidade, essa transmiss\u00e3o vai acontecer no ambiente escolar&#8221;.<\/p>\n<p>Ryan apontou que reconhece o pre\u00e7o que os menores est\u00e3o pagando por essa falta de acesso \u00e0 educa\u00e7\u00e3o. &#8220;Muitos pa\u00edses usam as escolas como um ambiente seguro para crian\u00e7as, para garantir acesso \u00e0 alimenta\u00e7\u00e3o e prevenir explora\u00e7\u00e3o e abusos a elas&#8221;, disse.<\/p>\n<p>Por\u00e9m, acrescentou que retomar o ensino presencial nos pa\u00edses em que o v\u00edrus est\u00e1 descontrolado vai gerar uma situa\u00e7\u00e3o de &#8220;abre e fecha&#8221;. &#8220;[Para reabrir], tamb\u00e9m s\u00e3o necess\u00e1rias medidas para reduzir a transmiss\u00e3o no ambiente escolar e protocolos para reagir caso existam casos no local&#8221;.<\/p>\n<p>O diretor tamb\u00e9m avaliou que a reabertura envolve n\u00e3o somente mudan\u00e7as, mas investimentos para aplicar essa modifica\u00e7\u00f5es, o que pressup\u00f5e gastos.<\/p>\n<p>Os dois afirmaram que as institui\u00e7\u00f5es de ensino variam muito entre si, ent\u00e3o n\u00e3o \u00e9 poss\u00edvel oferecer uma receita para reabertura que abranja todas. &#8220;Escolas s\u00e3o diferentes pelo mundo. E aquelas para crian\u00e7as pequenas s\u00e3o diferentes de outras pro Ensino M\u00e9dio, que tamb\u00e9m se diferem de universidades e faculdades&#8221;, afirmou Maria.<\/p>\n<p>&nbsp;<\/p>\n<p><strong>Fonte: Terra<\/strong><\/p>\n<p>&nbsp;<\/p>\n","protected":false},"excerpt":{"rendered":"<p>O diretor de emerg\u00eancias da Organiza\u00e7\u00e3o Mundial da Sa\u00fade (OMS), Michael Ryan, disse nesta quarta-feira, 5, que realizar a volta \u00e0s aulas em pa\u00edses que n\u00e3o controlaram a transmiss\u00e3o de covid-19 piora o problema. &#8220;N\u00f3s todos queremos nossas crian\u00e7as de volta \u00e0s escolas&#8221;, afirmou durante live para responder d\u00favidas do p\u00fablico. &#8220;Mas abrir as institui\u00e7\u00f5es &hellip;<\/p>\n","protected":false},"author":1,"featured_media":8517,"comment_status":"open","ping_status":"open","sticky":false,"template":"","format":"standard","meta":{"_jetpack_newsletter_access":"","_jetpack_dont_email_post_to_subs":false,"_jetpack_newsletter_tier_id":0,"_jetpack_memberships_contains_paywalled_content":false,"_jetpack_memberships_contains_paid_content":false,"footnotes":""},"categories":[1],"tags":[],"class_list":["post-8516","post","type-post","status-publish","format-standard","has-post-thumbnail","hentry","category-destaque"],"jetpack_sharing_enabled":true,"jetpack_featured_media_url":"","_links":{"self":[{"href":"https:\/\/www.oparanews.com.br\/index.php\/wp-json\/wp\/v2\/posts\/8516","targetHints":{"allow":["GET"]}}],"collection":[{"href":"https:\/\/www.oparanews.com.br\/index.php\/wp-json\/wp\/v2\/posts"}],"about":[{"href":"https:\/\/www.oparanews.com.br\/index.php\/wp-json\/wp\/v2\/types\/post"}],"author":[{"embeddable":true,"href":"https:\/\/www.oparanews.com.br\/index.php\/wp-json\/wp\/v2\/users\/1"}],"replies":[{"embeddable":true,"href":"https:\/\/www.oparanews.com.br\/index.php\/wp-json\/wp\/v2\/comments?post=8516"}],"version-history":[{"count":0,"href":"https:\/\/www.oparanews.com.br\/index.php\/wp-json\/wp\/v2\/posts\/8516\/revisions"}],"wp:attachment":[{"href":"https:\/\/www.oparanews.com.br\/index.php\/wp-json\/wp\/v2\/media?parent=8516"}],"wp:term":[{"taxonomy":"category","embeddable":true,"href":"https:\/\/www.oparanews.com.br\/index.php\/wp-json\/wp\/v2\/categories?post=8516"},{"taxonomy":"post_tag","embeddable":true,"href":"https:\/\/www.oparanews.com.br\/index.php\/wp-json\/wp\/v2\/tags?post=8516"}],"curies":[{"name":"wp","href":"https:\/\/api.w.org\/{rel}","templated":true}]}}