{"id":8519,"date":"2020-08-05T17:37:20","date_gmt":"2020-08-05T17:37:20","guid":{"rendered":"https:\/\/oparanews.com.br\/?p=8519"},"modified":"2020-08-05T17:37:20","modified_gmt":"2020-08-05T17:37:20","slug":"bolsonaro-rejeita-prorrogacao-do-auxilio-de-r-600-nao-da","status":"publish","type":"post","link":"https:\/\/www.oparanews.com.br\/index.php\/2020\/08\/05\/bolsonaro-rejeita-prorrogacao-do-auxilio-de-r-600-nao-da\/","title":{"rendered":"Bolsonaro rejeita prorroga\u00e7\u00e3o do aux\u00edlio de R$ 600: &#8220;N\u00e3o d\u00e1&#8221;"},"content":{"rendered":"<p>O presidente Jair Bolsonaro afirmou, na manh\u00e3 desta quarta-feira, 5, que &#8220;n\u00e3o d\u00e1 para continuar muito&#8221; a liberar o aux\u00edlio emergencial de R$ 600 a trabalhadores informais por causa do impacto da medida na economia, que, segundo ele, representa R$ 50 bilh\u00f5es mensais. No momento em que o Brasil se aproxima das 100 mil mortes por covid-19, Bolsonaro voltou a criticar governadores que mant\u00eam medidas de isolamento social nos estados.<\/p>\n<p>&#8220;Come\u00e7ou a pagar a quarta parcela (do aux\u00edlio emergencial) e depois tem a quinta. N\u00e3o d\u00e1 para continuar muito porque por m\u00eas custa R$ 50 bilh\u00f5es. A economia tem que continuar. E alguns governadores teimam ainda em manter tudo fechado&#8221;, disse Bolsonaro a apoiadores, na sa\u00edda do Pal\u00e1cio da Alvorada.<\/p>\n<p>Como o Estad\u00e3o mostrou, o governo estuda estender o aux\u00edlio emergencial, destinado a trabalhadores informais, desempregados e benefici\u00e1rios do Bolsa Fam\u00edlia, at\u00e9 o fim de 2020.<\/p>\n<p>A ideia \u00e9 que o benef\u00edcio seja prorrogado at\u00e9 dezembro, mas o valor das pr\u00f3ximas presta\u00e7\u00f5es (setembro, outubro, novembro e dezembro) deve ser menor do que os R$ 600. Ainda n\u00e3o foi batido o martelo, mas uma das op\u00e7\u00f5es \u00e9 pagar R$ 200 nesses meses.<\/p>\n<p>O governo j\u00e1 destinou R$ 254,4 bilh\u00f5es para o pagamento do aux\u00edlio emergencial de R$ 600, num total de cinco parcelas (de abril a agosto). A despesa mensal do aux\u00edlio est\u00e1 em R$ 51,5 bilh\u00f5es, e todos os gastos do governo para combater a pandemia e seus efeitos est\u00e3o sendo bancados com o aumento do endividamento do Pa\u00eds.<\/p>\n<p>A continuidade do pagamento do aux\u00edlio emergencial ajuda a garantir apoio ao presidente, principalmente nos Estados do Norte e Nordeste. Como mostrou o Estad\u00e3o, em viagens pelo Pa\u00eds o presidente, em tom de campanha, tenta capitalizar medidas aprovadas pelo Congresso.<\/p>\n<p>Pesquisas apontam que foi Bolsonaro quem mais ganhou com o pagamento do aux\u00edlio emergencial de R$ 600 dado aos trabalhadores informais que perderam renda por causa da pandemia do novo coronav\u00edrus. Mesmo que tenha inicialmente se posicionado contra o benef\u00edcio, para o eleitor o que fica \u00e9 que o dinheiro entrou na conta, foi pago pela Caixa Econ\u00f4mica Federal, portanto, pelo presidente.<\/p>\n<p>O aux\u00edlio emergencial foi criado em abril, por meio de uma lei aprovada pelo Congresso Nacional e sancionada por Bolsonaro. A previs\u00e3o inicial era que o aux\u00edlio fosse pago por tr\u00eas meses, mas a lei deu a possibilidade de prorroga\u00e7\u00e3o do benef\u00edcio.<\/p>\n<p>O texto enviado pelo governo ao Congresso previa que o aux\u00edlio fosse de R$ 200, mas o texto aprovado pelo Congresso passou o valor da parcela para R$ 600.<\/p>\n<p>Ao ser questionado sobre a eventual prorroga\u00e7\u00e3o do aux\u00edlio emergencial para micro empres\u00e1rios por outro apoiador, Bolsonaro afirmou que o assunto precisa ser tratado com o ministro da Economia, Paulo Guedes. &#8220;N\u00e3o sei dizer, tem que ver com o Paulo Guedes. N\u00f3s j\u00e1 gastamos, o Brasil j\u00e1 gastou, eu n\u00e3o, j\u00e1 gastou R$ 700 bilh\u00f5es com a covid a\u00ed&#8221;, declarou.<\/p>\n<p>&nbsp;<\/p>\n<p><strong>Fonte: Terra<\/strong><\/p>\n<p>&nbsp;<\/p>\n","protected":false},"excerpt":{"rendered":"<p>O presidente Jair Bolsonaro afirmou, na manh\u00e3 desta quarta-feira, 5, que &#8220;n\u00e3o d\u00e1 para continuar muito&#8221; a liberar o aux\u00edlio emergencial de R$ 600 a trabalhadores informais por causa do impacto da medida na economia, que, segundo ele, representa R$ 50 bilh\u00f5es mensais. No momento em que o Brasil se aproxima das 100 mil mortes &hellip;<\/p>\n","protected":false},"author":1,"featured_media":8520,"comment_status":"open","ping_status":"open","sticky":false,"template":"","format":"standard","meta":{"_jetpack_newsletter_access":"","_jetpack_dont_email_post_to_subs":false,"_jetpack_newsletter_tier_id":0,"_jetpack_memberships_contains_paywalled_content":false,"_jetpack_memberships_contains_paid_content":false,"footnotes":""},"categories":[1],"tags":[],"class_list":["post-8519","post","type-post","status-publish","format-standard","has-post-thumbnail","hentry","category-destaque"],"jetpack_sharing_enabled":true,"jetpack_featured_media_url":"","_links":{"self":[{"href":"https:\/\/www.oparanews.com.br\/index.php\/wp-json\/wp\/v2\/posts\/8519","targetHints":{"allow":["GET"]}}],"collection":[{"href":"https:\/\/www.oparanews.com.br\/index.php\/wp-json\/wp\/v2\/posts"}],"about":[{"href":"https:\/\/www.oparanews.com.br\/index.php\/wp-json\/wp\/v2\/types\/post"}],"author":[{"embeddable":true,"href":"https:\/\/www.oparanews.com.br\/index.php\/wp-json\/wp\/v2\/users\/1"}],"replies":[{"embeddable":true,"href":"https:\/\/www.oparanews.com.br\/index.php\/wp-json\/wp\/v2\/comments?post=8519"}],"version-history":[{"count":0,"href":"https:\/\/www.oparanews.com.br\/index.php\/wp-json\/wp\/v2\/posts\/8519\/revisions"}],"wp:attachment":[{"href":"https:\/\/www.oparanews.com.br\/index.php\/wp-json\/wp\/v2\/media?parent=8519"}],"wp:term":[{"taxonomy":"category","embeddable":true,"href":"https:\/\/www.oparanews.com.br\/index.php\/wp-json\/wp\/v2\/categories?post=8519"},{"taxonomy":"post_tag","embeddable":true,"href":"https:\/\/www.oparanews.com.br\/index.php\/wp-json\/wp\/v2\/tags?post=8519"}],"curies":[{"name":"wp","href":"https:\/\/api.w.org\/{rel}","templated":true}]}}