{"id":8522,"date":"2020-08-05T17:41:34","date_gmt":"2020-08-05T17:41:34","guid":{"rendered":"https:\/\/oparanews.com.br\/?p=8522"},"modified":"2020-08-05T17:41:34","modified_gmt":"2020-08-05T17:41:34","slug":"filho-e-acusado-de-incendiar-a-casa-da-mae-em-palmeira-dos-indios","status":"publish","type":"post","link":"https:\/\/www.oparanews.com.br\/index.php\/2020\/08\/05\/filho-e-acusado-de-incendiar-a-casa-da-mae-em-palmeira-dos-indios\/","title":{"rendered":"Filho \u00e9 acusado de incendiar a casa da m\u00e3e em Palmeira dos \u00cdndios"},"content":{"rendered":"<p>Um jovem, cuja identidade n\u00e3o foi revelada, \u00e9 acusado de atear fogo e destruir a resid\u00eancia da pr\u00f3pria m\u00e3e, na cidade de Palmeira dos \u00cdndios, no Agreste do Estado. De acordo com o Corpo de Bombeiros Militar (CBM-AL), o fato aconteceu na noite da ter\u00e7a-feira (4), na avenida Rotary e atingiu todas as depend\u00eancias da casa.<\/p>\n<p>De acordo com informa\u00e7\u00e3o divulgada atrav\u00e9s da assessoria de comunica\u00e7\u00e3o do Corpo de Bombeiros, o inc\u00eandio alcan\u00e7ou todas as depend\u00eancias da resid\u00eancia e foi provocado intencionalmente por um dos filhos da moradora da casa, que fugiu do local. A guarni\u00e7\u00e3o da viatura ABS 010 foi at\u00e9 o local do sinistro e constatou que os vizinhos haviam apagado as chamas. Foram realizadas a\u00e7\u00f5es de evacua\u00e7\u00e3o da \u00e1rea, abertura de acesso e rescaldo.<\/p>\n<p>&nbsp;<\/p>\n<p><strong>Fonte: Sete Segundos<\/strong><\/p>\n<p>&nbsp;<\/p>\n","protected":false},"excerpt":{"rendered":"<p>Um jovem, cuja identidade n\u00e3o foi revelada, \u00e9 acusado de atear fogo e destruir a resid\u00eancia da pr\u00f3pria m\u00e3e, na cidade de Palmeira dos \u00cdndios, no Agreste do Estado. De acordo com o Corpo de Bombeiros Militar (CBM-AL), o fato aconteceu na noite da ter\u00e7a-feira (4), na avenida Rotary e atingiu todas as depend\u00eancias da &hellip;<\/p>\n","protected":false},"author":1,"featured_media":8523,"comment_status":"open","ping_status":"open","sticky":false,"template":"","format":"standard","meta":{"_jetpack_newsletter_access":"","_jetpack_dont_email_post_to_subs":false,"_jetpack_newsletter_tier_id":0,"_jetpack_memberships_contains_paywalled_content":false,"_jetpack_memberships_contains_paid_content":false,"footnotes":""},"categories":[1],"tags":[],"class_list":["post-8522","post","type-post","status-publish","format-standard","has-post-thumbnail","hentry","category-destaque"],"jetpack_sharing_enabled":true,"jetpack_featured_media_url":"","_links":{"self":[{"href":"https:\/\/www.oparanews.com.br\/index.php\/wp-json\/wp\/v2\/posts\/8522","targetHints":{"allow":["GET"]}}],"collection":[{"href":"https:\/\/www.oparanews.com.br\/index.php\/wp-json\/wp\/v2\/posts"}],"about":[{"href":"https:\/\/www.oparanews.com.br\/index.php\/wp-json\/wp\/v2\/types\/post"}],"author":[{"embeddable":true,"href":"https:\/\/www.oparanews.com.br\/index.php\/wp-json\/wp\/v2\/users\/1"}],"replies":[{"embeddable":true,"href":"https:\/\/www.oparanews.com.br\/index.php\/wp-json\/wp\/v2\/comments?post=8522"}],"version-history":[{"count":0,"href":"https:\/\/www.oparanews.com.br\/index.php\/wp-json\/wp\/v2\/posts\/8522\/revisions"}],"wp:attachment":[{"href":"https:\/\/www.oparanews.com.br\/index.php\/wp-json\/wp\/v2\/media?parent=8522"}],"wp:term":[{"taxonomy":"category","embeddable":true,"href":"https:\/\/www.oparanews.com.br\/index.php\/wp-json\/wp\/v2\/categories?post=8522"},{"taxonomy":"post_tag","embeddable":true,"href":"https:\/\/www.oparanews.com.br\/index.php\/wp-json\/wp\/v2\/tags?post=8522"}],"curies":[{"name":"wp","href":"https:\/\/api.w.org\/{rel}","templated":true}]}}