{"id":8525,"date":"2020-08-06T17:52:44","date_gmt":"2020-08-06T17:52:44","guid":{"rendered":"https:\/\/oparanews.com.br\/?p=8525"},"modified":"2020-08-06T17:52:44","modified_gmt":"2020-08-06T17:52:44","slug":"prefeitura-de-penedo-leva-atendimento-odontologico-ate-a-casa-dos-pacientes","status":"publish","type":"post","link":"https:\/\/www.oparanews.com.br\/index.php\/2020\/08\/06\/prefeitura-de-penedo-leva-atendimento-odontologico-ate-a-casa-dos-pacientes\/","title":{"rendered":"Prefeitura de Penedo leva atendimento odontol\u00f3gico at\u00e9 a casa dos pacientes"},"content":{"rendered":"<p>Pessoas com limita\u00e7\u00f5es em sua mobilidade recebem assist\u00eancia odontol\u00f3gica da Secretaria Municipal de Sa\u00fade (SEMS) que investiu na aquisi\u00e7\u00e3o de consult\u00f3rios port\u00e1teis para propiciar atendimento at\u00e9 aos que sequer conseguem sair de uma cama, sem a ajuda de outra pessoa.<\/p>\n<p>O investimento na \u00e1rea de atua\u00e7\u00e3o da Coordena\u00e7\u00e3o de Sa\u00fade Bucal possibilitou que o jovem Lucas recebesse atendimento em seu endere\u00e7o, na Cohab. \u201cAgora ele vai conseguir dormir melhor, comer melhor e tamb\u00e9m conviver melhor com as pessoas\u201d, destaca F\u00e1bia Lima, m\u00e3e de Lucas, no v\u00eddeo produzido pela Prefeitura de Penedo sobre a amplia\u00e7\u00e3o da assist\u00eancia humanizada pela SEMS Penedo.<\/p>\n<p>Estrat\u00e9gia de Sa\u00fade Bucal<\/p>\n<p>\u201cAntes, a gente j\u00e1 tinha o programa de visitas domiciliares que faz parte da Estrat\u00e9gia de Sa\u00fade Bucal, s\u00f3 que n\u00e3o se fazia o procedimento na casa do paciente. Com a aquisi\u00e7\u00e3o do consult\u00f3rio m\u00f3vel, o cirurgi\u00e3o dentista passa a fazer esse procedimento, dando suporte maior \u00e0 sa\u00fade bucal dos usu\u00e1rios\u201d, explica Edlaine Soares, Coordenadora da Sa\u00fade Bucal da SEMS Penedo.<\/p>\n<p>Para ter acesso ao servi\u00e7o, o paciente ou a pessoas respons\u00e1vel por ele deve informar a necessidade ao Agente Comunit\u00e1rio de Sa\u00fade, elo entre a comunidade e o posto que ser\u00e1 informado sobre a demanda.<\/p>\n<p>Foi assim que Lucas, v\u00edtima de um acidente de tr\u00e2nsito, tornou-se o primeiro paciente do mais recente investimento da SEMS. A demanda pelo atendimento foi analisada pelo Programa Melhor Em Casa. \u201cRecebemos um encaminhamento da Unidade B\u00e1sica de Sa\u00fade e ao avali\u00e1-lo, vimos que ele tinha o perfil do programa\u201d, explica Rochana Cedro, assistente social da a\u00e7\u00e3o coordenada por La\u00edse Vasco Dantas Melo.<\/p>\n<p>\u201cO consult\u00f3rio m\u00f3vel foi adquirido como com recursos pr\u00f3prios, aquisi\u00e7\u00e3o necess\u00e1ria para tratar os usu\u00e1rios dentro da integralidade e especificidade. Al\u00e9m disso, ampliou a acessibilidade aos servi\u00e7os odontol\u00f3gicos, proporcionando tratamento para aqueles que n\u00e3o podem ir at\u00e9 a unidade b\u00e1sica de sa\u00fade, a exemplo os usu\u00e1rios acamados\u201d, refor\u00e7a Edlaine Soares.<\/p>\n<p>&nbsp;<\/p>\n<p><strong>por Fernando Vin\u00edcius \u2013Decom PMP<\/strong><\/p>\n<p>&nbsp;<\/p>\n","protected":false},"excerpt":{"rendered":"<p>Pessoas com limita\u00e7\u00f5es em sua mobilidade recebem assist\u00eancia odontol\u00f3gica da Secretaria Municipal de Sa\u00fade (SEMS) que investiu na aquisi\u00e7\u00e3o de consult\u00f3rios port\u00e1teis para propiciar atendimento at\u00e9 aos que sequer conseguem sair de uma cama, sem a ajuda de outra pessoa. O investimento na \u00e1rea de atua\u00e7\u00e3o da Coordena\u00e7\u00e3o de Sa\u00fade Bucal possibilitou que o jovem &hellip;<\/p>\n","protected":false},"author":1,"featured_media":8526,"comment_status":"open","ping_status":"open","sticky":false,"template":"","format":"standard","meta":{"_jetpack_newsletter_access":"","_jetpack_dont_email_post_to_subs":false,"_jetpack_newsletter_tier_id":0,"_jetpack_memberships_contains_paywalled_content":false,"_jetpack_memberships_contains_paid_content":false,"footnotes":""},"categories":[1],"tags":[],"class_list":["post-8525","post","type-post","status-publish","format-standard","has-post-thumbnail","hentry","category-destaque"],"jetpack_sharing_enabled":true,"jetpack_featured_media_url":"","_links":{"self":[{"href":"https:\/\/www.oparanews.com.br\/index.php\/wp-json\/wp\/v2\/posts\/8525","targetHints":{"allow":["GET"]}}],"collection":[{"href":"https:\/\/www.oparanews.com.br\/index.php\/wp-json\/wp\/v2\/posts"}],"about":[{"href":"https:\/\/www.oparanews.com.br\/index.php\/wp-json\/wp\/v2\/types\/post"}],"author":[{"embeddable":true,"href":"https:\/\/www.oparanews.com.br\/index.php\/wp-json\/wp\/v2\/users\/1"}],"replies":[{"embeddable":true,"href":"https:\/\/www.oparanews.com.br\/index.php\/wp-json\/wp\/v2\/comments?post=8525"}],"version-history":[{"count":0,"href":"https:\/\/www.oparanews.com.br\/index.php\/wp-json\/wp\/v2\/posts\/8525\/revisions"}],"wp:attachment":[{"href":"https:\/\/www.oparanews.com.br\/index.php\/wp-json\/wp\/v2\/media?parent=8525"}],"wp:term":[{"taxonomy":"category","embeddable":true,"href":"https:\/\/www.oparanews.com.br\/index.php\/wp-json\/wp\/v2\/categories?post=8525"},{"taxonomy":"post_tag","embeddable":true,"href":"https:\/\/www.oparanews.com.br\/index.php\/wp-json\/wp\/v2\/tags?post=8525"}],"curies":[{"name":"wp","href":"https:\/\/api.w.org\/{rel}","templated":true}]}}