{"id":8529,"date":"2020-08-06T19:04:46","date_gmt":"2020-08-06T19:04:46","guid":{"rendered":"https:\/\/oparanews.com.br\/?p=8529"},"modified":"2020-08-06T19:04:46","modified_gmt":"2020-08-06T19:04:46","slug":"populacao-de-penedo-e-orientada-sobre-medidas-de-prevencao-contra-covid-19","status":"publish","type":"post","link":"https:\/\/www.oparanews.com.br\/index.php\/2020\/08\/06\/populacao-de-penedo-e-orientada-sobre-medidas-de-prevencao-contra-covid-19\/","title":{"rendered":"Popula\u00e7\u00e3o de Penedo \u00e9 orientada sobre medidas de preven\u00e7\u00e3o contra Covid-19"},"content":{"rendered":"<p>Equipes da Secretaria Municipal de Sa\u00fade e da Vigil\u00e2ncia Sanit\u00e1ria Municipal foram \u00e0s ruas de Penedo nesta quarta-feira, 05, para orientar a popula\u00e7\u00e3o sobre medidas de preven\u00e7\u00e3o contra o novo coronav\u00edrus.<\/p>\n<p>Com apoio de agentes da Guarda Patrimonial e da SMTT, os servidores estiveram em feiras livres, \u00f4nibus e lojas da cidade. O trabalho refor\u00e7a informa\u00e7\u00f5es divulgadas na m\u00eddia e em a\u00e7\u00f5es institucionais da Prefeitura de Penedo sobre o risco do aumento da dissemina\u00e7\u00e3o da Covid-19, caso a popula\u00e7\u00e3o n\u00e3o fa\u00e7a sua parte.<\/p>\n<p>\u201cAp\u00f3s o fechamento das barreiras sanit\u00e1rias, o munic\u00edpio de Penedo adotou estrat\u00e9gias diferentes para intensificar o trabalho, mais direcionado para a promo\u00e7\u00e3o da sa\u00fade, de orienta\u00e7\u00e3o \u00e0 popula\u00e7\u00e3o, principalmente contra a Covid-19. N\u00f3s fizemos um treinamento na segunda-feira, com pessoal da Aten\u00e7\u00e3o B\u00e1sica e da Vigil\u00e2ncia Sanit\u00e1ria e dividimos o pessoal em tr\u00eas equipes\u201d, explica Maciel Oliveira, coordenador do trabalho de campo.<\/p>\n<p>\u201cUma equipe fica voltada para a fiscaliza\u00e7\u00e3o do transporte coletivo urbano, verificando se os \u00f4nibus est\u00e3o circulando conforme o decreto de flexibiliza\u00e7\u00e3o de algumas atividades, respeitando o limite de levar at\u00e9 50% de sua capacidade de passageiros, higieniza\u00e7\u00e3o dos ve\u00edculos, uso obrigat\u00f3rio de m\u00e1scaras para motorista, cobrador e passageiro\u201d, informa o servidor da SEMS Penedo sobre a medida que intensifica a fiscaliza\u00e7\u00e3o.<\/p>\n<p>Penaliza\u00e7\u00f5es<\/p>\n<p>Por desrespeito \u00e0s normas do decreto, principalmente cobran\u00e7a indevida de de passagem para idosos, seis permission\u00e1rios de linhas que circulam na cidade sofreram as devidas penaliza\u00e7\u00f5es, conforme informou o Superintendente Municipal de Transporte e Tr\u00e2nsito, Ricardo Ara\u00fajo, durante entrevista concedida ontem ao radialista Ant\u00f4nio Silva, \u00e2ncora do programa Voz da Cidade, veiculado na Grande Rio FM (99,1 Mhz).<\/p>\n<p>A atua\u00e7\u00e3o das equipes de orienta\u00e7\u00e3o da SEMS Penedo tamb\u00e9m \u00e9 focada nos estabelecimentos comerciais, verificando o cumprimento de regras, entre elas o hor\u00e1rio de funcionamento (das 9h as 15h), limita\u00e7\u00e3o de pessoas no interior das lojas, uso obrigat\u00f3rio de m\u00e1scara e disponibilidade de \u00e1lcool em 70% ou lavat\u00f3rio, com sab\u00e3o, nos acessos dos estabelecimentos.<\/p>\n<p>\u201cA terceira equipe \u00e9 volante, direcionada para atuar em locais com aglomera\u00e7\u00e3o de pessoas, inclusive nas feiras livres\u201d, completa Maciel Oliveira, destacando ainda o trabalho da Secretaria Municipal de Desenvolvimento Social e Habita\u00e7\u00e3o (SEMDSH), pasta que respons\u00e1vel por distribuir m\u00e1scaras \u00e0 popula\u00e7\u00e3o, todas produzidas por costureiras residentes em Penedo e contratadas por meio de edital.<\/p>\n<p>&nbsp;<\/p>\n<p><strong>por Fernando Vin\u00edcius \u2013 Decom PMP<\/strong><\/p>\n<p>&nbsp;<\/p>\n","protected":false},"excerpt":{"rendered":"<p>Equipes da Secretaria Municipal de Sa\u00fade e da Vigil\u00e2ncia Sanit\u00e1ria Municipal foram \u00e0s ruas de Penedo nesta quarta-feira, 05, para orientar a popula\u00e7\u00e3o sobre medidas de preven\u00e7\u00e3o contra o novo coronav\u00edrus. Com apoio de agentes da Guarda Patrimonial e da SMTT, os servidores estiveram em feiras livres, \u00f4nibus e lojas da cidade. O trabalho refor\u00e7a &hellip;<\/p>\n","protected":false},"author":1,"featured_media":8530,"comment_status":"open","ping_status":"open","sticky":false,"template":"","format":"standard","meta":{"_jetpack_newsletter_access":"","_jetpack_dont_email_post_to_subs":false,"_jetpack_newsletter_tier_id":0,"_jetpack_memberships_contains_paywalled_content":false,"_jetpack_memberships_contains_paid_content":false,"footnotes":""},"categories":[1],"tags":[],"class_list":["post-8529","post","type-post","status-publish","format-standard","has-post-thumbnail","hentry","category-destaque"],"jetpack_sharing_enabled":true,"jetpack_featured_media_url":"","_links":{"self":[{"href":"https:\/\/www.oparanews.com.br\/index.php\/wp-json\/wp\/v2\/posts\/8529","targetHints":{"allow":["GET"]}}],"collection":[{"href":"https:\/\/www.oparanews.com.br\/index.php\/wp-json\/wp\/v2\/posts"}],"about":[{"href":"https:\/\/www.oparanews.com.br\/index.php\/wp-json\/wp\/v2\/types\/post"}],"author":[{"embeddable":true,"href":"https:\/\/www.oparanews.com.br\/index.php\/wp-json\/wp\/v2\/users\/1"}],"replies":[{"embeddable":true,"href":"https:\/\/www.oparanews.com.br\/index.php\/wp-json\/wp\/v2\/comments?post=8529"}],"version-history":[{"count":0,"href":"https:\/\/www.oparanews.com.br\/index.php\/wp-json\/wp\/v2\/posts\/8529\/revisions"}],"wp:attachment":[{"href":"https:\/\/www.oparanews.com.br\/index.php\/wp-json\/wp\/v2\/media?parent=8529"}],"wp:term":[{"taxonomy":"category","embeddable":true,"href":"https:\/\/www.oparanews.com.br\/index.php\/wp-json\/wp\/v2\/categories?post=8529"},{"taxonomy":"post_tag","embeddable":true,"href":"https:\/\/www.oparanews.com.br\/index.php\/wp-json\/wp\/v2\/tags?post=8529"}],"curies":[{"name":"wp","href":"https:\/\/api.w.org\/{rel}","templated":true}]}}