{"id":8532,"date":"2020-08-06T19:05:25","date_gmt":"2020-08-06T19:05:25","guid":{"rendered":"https:\/\/oparanews.com.br\/?p=8532"},"modified":"2020-08-06T19:05:25","modified_gmt":"2020-08-06T19:05:25","slug":"unidade-de-sindromes-gripais-de-penedo-registra-media-diaria-de-20-novos-casos-de-covid-19","status":"publish","type":"post","link":"https:\/\/www.oparanews.com.br\/index.php\/2020\/08\/06\/unidade-de-sindromes-gripais-de-penedo-registra-media-diaria-de-20-novos-casos-de-covid-19\/","title":{"rendered":"Unidade de S\u00edndromes Gripais de Penedo registra m\u00e9dia di\u00e1ria de 20 novos casos de Covid-19"},"content":{"rendered":"<p>Cerca de vinte pessoas atendidas em um dia de trabalho na Unidade de Refer\u00eancia em S\u00edndromes Gripais de Penedo deixa o centro de triagem da doen\u00e7a com diagn\u00f3stico positivo para Covid-19.<\/p>\n<p>A m\u00e9dia foi revelada nesta quarta-feira, 05, por Monike Souza Nunes Damasceno, Diretora da Aten\u00e7\u00e3o Prim\u00e1ria da Secretaria Municipal de Sa\u00fade (SEMS), durante entrevista ao Programa Lance Livre\/R\u00e1dio Penedo FM (97,3 Mhz).<\/p>\n<p>\u201cA gente v\u00ea v\u00e1rias pessoas sem m\u00e1scara e somente a Secretaria de Sa\u00fade n\u00e3o vai dar conta de tudo, a gente precisa que as pessoas obede\u00e7am, sigam as orienta\u00e7\u00f5es e usem m\u00e1scara\u201d, alertou a coordenadora da unidade onde foram realizados quase quatro mil atendimentos desde sua abertura, renovando o apelo para que, assim que surgirem os primeiros sintomas, as pessoas dirijam-se at\u00e9 o centro de triagem.<\/p>\n<p>Inaugurada em 26 de junho, a Unidade de S\u00edndromes Gripais de Penedo j\u00e1 atendeu quase quatro mil at\u00e9 ontem, quando 3.929 pessoas haviam sido assistidas no local.<\/p>\n<p>O Secret\u00e1rio Marcos Beltr\u00e3o j\u00e1 havia comentado o trabalho no setor especializado, durante o programa Realidade de sexta-feira, 31. At\u00e9 o \u00faltimo dia do m\u00eas de julho, 3.530 pessoas foram atendidas, n\u00famero que representa aproximadamente 5% da popula\u00e7\u00e3o de Penedo e comprova a procura pelo servi\u00e7o instalado na antiga Escola do Senai, pr\u00f3ximo do Trevo da Toca do \u00cdndio.<\/p>\n<p>\u201cA gente pede a colabora\u00e7\u00e3o de todos para vencer a luta contra a Covid-19 e n\u00e3o precisa estar doente para usar m\u00e1scara, todo mundo precisa usar porque ela salva vidas\u201d, refor\u00e7ou Monike Damasceno, frisando a necessidade da ado\u00e7\u00e3o outras medidas que precisam ser rotineiras, como a higieniza\u00e7\u00e3o dos alimentos e o respeito ao distanciamento pessoal.<\/p>\n<p>&nbsp;<\/p>\n<p><strong>por Fernando Vin\u00edcius \u2013 Decom PMP<\/strong><\/p>\n<p>&nbsp;<\/p>\n","protected":false},"excerpt":{"rendered":"<p>Cerca de vinte pessoas atendidas em um dia de trabalho na Unidade de Refer\u00eancia em S\u00edndromes Gripais de Penedo deixa o centro de triagem da doen\u00e7a com diagn\u00f3stico positivo para Covid-19. A m\u00e9dia foi revelada nesta quarta-feira, 05, por Monike Souza Nunes Damasceno, Diretora da Aten\u00e7\u00e3o Prim\u00e1ria da Secretaria Municipal de Sa\u00fade (SEMS), durante entrevista &hellip;<\/p>\n","protected":false},"author":1,"featured_media":8533,"comment_status":"open","ping_status":"open","sticky":false,"template":"","format":"standard","meta":{"_jetpack_newsletter_access":"","_jetpack_dont_email_post_to_subs":false,"_jetpack_newsletter_tier_id":0,"_jetpack_memberships_contains_paywalled_content":false,"_jetpack_memberships_contains_paid_content":false,"footnotes":""},"categories":[1],"tags":[],"class_list":["post-8532","post","type-post","status-publish","format-standard","has-post-thumbnail","hentry","category-destaque"],"jetpack_sharing_enabled":true,"jetpack_featured_media_url":"","_links":{"self":[{"href":"https:\/\/www.oparanews.com.br\/index.php\/wp-json\/wp\/v2\/posts\/8532","targetHints":{"allow":["GET"]}}],"collection":[{"href":"https:\/\/www.oparanews.com.br\/index.php\/wp-json\/wp\/v2\/posts"}],"about":[{"href":"https:\/\/www.oparanews.com.br\/index.php\/wp-json\/wp\/v2\/types\/post"}],"author":[{"embeddable":true,"href":"https:\/\/www.oparanews.com.br\/index.php\/wp-json\/wp\/v2\/users\/1"}],"replies":[{"embeddable":true,"href":"https:\/\/www.oparanews.com.br\/index.php\/wp-json\/wp\/v2\/comments?post=8532"}],"version-history":[{"count":0,"href":"https:\/\/www.oparanews.com.br\/index.php\/wp-json\/wp\/v2\/posts\/8532\/revisions"}],"wp:attachment":[{"href":"https:\/\/www.oparanews.com.br\/index.php\/wp-json\/wp\/v2\/media?parent=8532"}],"wp:term":[{"taxonomy":"category","embeddable":true,"href":"https:\/\/www.oparanews.com.br\/index.php\/wp-json\/wp\/v2\/categories?post=8532"},{"taxonomy":"post_tag","embeddable":true,"href":"https:\/\/www.oparanews.com.br\/index.php\/wp-json\/wp\/v2\/tags?post=8532"}],"curies":[{"name":"wp","href":"https:\/\/api.w.org\/{rel}","templated":true}]}}