{"id":8538,"date":"2020-08-06T19:13:55","date_gmt":"2020-08-06T19:13:55","guid":{"rendered":"https:\/\/oparanews.com.br\/?p=8538"},"modified":"2020-08-06T19:13:55","modified_gmt":"2020-08-06T19:13:55","slug":"santos-demite-jesualdo-ferreira-cuca-e-o-favorito-para-assumir","status":"publish","type":"post","link":"https:\/\/www.oparanews.com.br\/index.php\/2020\/08\/06\/santos-demite-jesualdo-ferreira-cuca-e-o-favorito-para-assumir\/","title":{"rendered":"Santos demite Jesualdo Ferreira; Cuca \u00e9 o favorito para assumir"},"content":{"rendered":"<p>Jesualdo Ferreira n\u00e3o \u00e9 mais t\u00e9cnico do Santos.<\/p>\n<p>O portugu\u00eas de 74 anos n\u00e3o resistiu aos maus resultados e \u00e0 elimina\u00e7\u00e3o precoce no Campeonato Paulista, ainda nas quartas de final, e foi demitido. A decis\u00e3o foi comunicado nesta quarta-feira, a quatro dias da estreia do Santos no Campeonato Brasileiro.<\/p>\n<p>Cuca, que trabalhou no Peixe pela \u00faltima vez em 2018, \u00e9 o nome mais cotado para a vaga.<\/p>\n<p>Depois de dias de press\u00e3o e incertezas, a diretoria se reuniu com Jesualdo Ferreira e sua comiss\u00e3o t\u00e9cnica nesta quarta-feira, no CT Rei Pel\u00e9, para comunicar a decis\u00e3o. O treinador sequer comandou o treino desta tarde. O clube soltou o seguinte comunicado:<\/p>\n<p>&#8220;A dire\u00e7\u00e3o do Santos Futebol Clube comunica que Jesualdo Ferreira n\u00e3o \u00e9 mais treinador da equipe profissional. O clube agradece o extremo profissionalismo do t\u00e9cnico durante o tempo em que esteve no comando do Peixe e deseja sorte na continuidade de sua carreira.<\/p>\n<p>Os auxiliares Rui \u00c1guas, Antonio Oliveira, Daniel Gon\u00e7alves e Pedro Bou\u00e7as, e o preparador Jos\u00e9 Pedro Pinto, tamb\u00e9m n\u00e3o seguem no Santos FC.&#8221;<\/p>\n<p><strong>Motivos para a demiss\u00e3o<\/strong><\/p>\n<p>Ap\u00f3s a queda no estadual, Jesualdo perdeu ainda mais for\u00e7a com o presidente Jos\u00e9 Carlos Peres e os demais membros do Comit\u00ea de Gest\u00e3o. Eles enfrentaram a resist\u00eancia do superintendente de futebol William Thomas, o respons\u00e1vel pela contrata\u00e7\u00e3o de Jesualdo e um dos defensores da manuten\u00e7\u00e3o do portugu\u00eas no cargo.<\/p>\n<p>Entende-se, internamente, que o desempenho do Santos no Campeonato Paulista, principalmente na fase de grupos, foi aqu\u00e9m do esperado, apesar de ter terminado na lideran\u00e7a. A elimina\u00e7\u00e3o precoce nas quartas de final, com derrota de 3 a 1 para a Ponte Preta, foi o estopim para a demiss\u00e3o.<\/p>\n<p>Jesualdo foi contratado pelo Santos ainda no fim de 2019 e deu in\u00edcio ao trabalho em janeiro deste ano. Por causa da paralisa\u00e7\u00e3o das competi\u00e7\u00f5es em raz\u00e3o do novo coronav\u00edrus, o treinador comandou o Peixe por poucos jogos ao longo de sete meses.<\/p>\n<p>\u00c0 frente do Santos, Jesualdo teve apenas 15 partidas, com seis vit\u00f3rias, quatro empates e cinco derrotas, um aproveitamento de 48,8%.<\/p>\n<p>Segundo a apura\u00e7\u00e3o do ge, entre multa, direitos de imagem atrasados e a parte reduzida dos sal\u00e1rios sem acordo, o Peixe deve pouco mais de R$ 5 milh\u00f5es a Jesualdo, que foi o quarto t\u00e9cnico da gest\u00e3o de Peres &#8211; Jair Ventura, Cuca e Sampaoli, nessa ordem, foram os outros.<\/p>\n<p><strong>Cuca \u00e9 o favorito<\/strong><\/p>\n<p>Agora \u00e0 procura de um novo treinador, o Santos analisa a contrata\u00e7\u00e3o de Cuca, que j\u00e1 trabalhou duas vezes no clube.<\/p>\n<p>A tend\u00eancia, por\u00e9m, \u00e9 de que a busca n\u00e3o seja f\u00e1cil. Isso porque o Santos vive grave crise financeira, est\u00e1 impedido de registrar novos jogadores por causa de uma puni\u00e7\u00e3o na Fifa e ainda acumula diversas d\u00edvidas com outros clubes.<\/p>\n<p>Al\u00e9m disso, no in\u00edcio da pandemia, o Santos reduziu em 70% os sal\u00e1rios dos jogadores sem acordo e tem atrasos em direitos de imagem com o elenco. Recentemente, viu o atacante Eduardo Sasha e o goleiro Everson irem \u00e0 Justi\u00e7a pedir rescis\u00e3o contratual por falta de pagamento.<\/p>\n<p>O Santos estreia no Brasileir\u00e3o no pr\u00f3ximo domingo, dia 9 de agosto, contra o Bragantino, na Vila Belmiro.<\/p>\n<p>&nbsp;<\/p>\n<p><strong>Fonte: Globoesporte<\/strong><\/p>\n<p>&nbsp;<\/p>\n","protected":false},"excerpt":{"rendered":"<p>Jesualdo Ferreira n\u00e3o \u00e9 mais t\u00e9cnico do Santos. O portugu\u00eas de 74 anos n\u00e3o resistiu aos maus resultados e \u00e0 elimina\u00e7\u00e3o precoce no Campeonato Paulista, ainda nas quartas de final, e foi demitido. A decis\u00e3o foi comunicado nesta quarta-feira, a quatro dias da estreia do Santos no Campeonato Brasileiro. Cuca, que trabalhou no Peixe pela &hellip;<\/p>\n","protected":false},"author":1,"featured_media":8539,"comment_status":"open","ping_status":"open","sticky":false,"template":"","format":"standard","meta":{"_jetpack_newsletter_access":"","_jetpack_dont_email_post_to_subs":false,"_jetpack_newsletter_tier_id":0,"_jetpack_memberships_contains_paywalled_content":false,"_jetpack_memberships_contains_paid_content":false,"footnotes":""},"categories":[1],"tags":[],"class_list":["post-8538","post","type-post","status-publish","format-standard","has-post-thumbnail","hentry","category-destaque"],"jetpack_sharing_enabled":true,"jetpack_featured_media_url":"","_links":{"self":[{"href":"https:\/\/www.oparanews.com.br\/index.php\/wp-json\/wp\/v2\/posts\/8538","targetHints":{"allow":["GET"]}}],"collection":[{"href":"https:\/\/www.oparanews.com.br\/index.php\/wp-json\/wp\/v2\/posts"}],"about":[{"href":"https:\/\/www.oparanews.com.br\/index.php\/wp-json\/wp\/v2\/types\/post"}],"author":[{"embeddable":true,"href":"https:\/\/www.oparanews.com.br\/index.php\/wp-json\/wp\/v2\/users\/1"}],"replies":[{"embeddable":true,"href":"https:\/\/www.oparanews.com.br\/index.php\/wp-json\/wp\/v2\/comments?post=8538"}],"version-history":[{"count":0,"href":"https:\/\/www.oparanews.com.br\/index.php\/wp-json\/wp\/v2\/posts\/8538\/revisions"}],"wp:attachment":[{"href":"https:\/\/www.oparanews.com.br\/index.php\/wp-json\/wp\/v2\/media?parent=8538"}],"wp:term":[{"taxonomy":"category","embeddable":true,"href":"https:\/\/www.oparanews.com.br\/index.php\/wp-json\/wp\/v2\/categories?post=8538"},{"taxonomy":"post_tag","embeddable":true,"href":"https:\/\/www.oparanews.com.br\/index.php\/wp-json\/wp\/v2\/tags?post=8538"}],"curies":[{"name":"wp","href":"https:\/\/api.w.org\/{rel}","templated":true}]}}