{"id":8544,"date":"2020-08-07T02:32:17","date_gmt":"2020-08-07T02:32:17","guid":{"rendered":"https:\/\/oparanews.com.br\/?p=8544"},"modified":"2020-08-07T02:32:17","modified_gmt":"2020-08-07T02:32:17","slug":"alagoas-registra-mais-899-casos-e-10-mortes-por-covid-19-em-24-horas","status":"publish","type":"post","link":"https:\/\/www.oparanews.com.br\/index.php\/2020\/08\/07\/alagoas-registra-mais-899-casos-e-10-mortes-por-covid-19-em-24-horas\/","title":{"rendered":"Alagoas registra mais 899 casos e 10 mortes por Covid-19 em 24 horas"},"content":{"rendered":"<p>Alagoas confirmou mais 899 casos confirmados e 10 mortes por Covid-19 nesta quinta-feira (6). Com os novos dados, o n\u00famero de casos confirmados subiu para 65.093 e de mortes, para 1.643. Os dados s\u00e3o do boletim epidemiol\u00f3gico da Secretaria de Estado da Sa\u00fade (Sesau).<\/p>\n<p>O n\u00famero di\u00e1rio de mortes desta quinta \u00e9 o menor registrado nesta semana, que come\u00e7ou com 14 mortes no domingo.<\/p>\n<p>Entre as pessoas que foram infectadas pelo novo coronav\u00edrus, 55.165 est\u00e3o recuperadas. O Estado tem 3.128 casos suspeitos, que aguardam resultados de exames laboratoriais.<\/p>\n<p>Das 10 mortes, cinco foram de moradores de Macei\u00f3 e as outras cinco de pessoas que residiam no interior de Alagoas.<\/p>\n<p>10 mortes<\/p>\n<p>Macei\u00f3: Homem, 65 anos \u2013 sem comorbidades<br \/>\nMacei\u00f3: Homem, 74 anos \u2013 diab\u00e9tico<br \/>\nMacei\u00f3: Homem, 81 anos \u2013 diab\u00e9tico<br \/>\nMacei\u00f3: Mulher, 75 anos \u2013 diab\u00e9tica<br \/>\nMacei\u00f3: Mulher, 85 anos \u2013 diab\u00e9tica<br \/>\nTeot\u00f4nio Vilela: Mulher, 59 anos \u2013 hipertensa<br \/>\nLimoeiro de Anadia: Mulher, 73 anos \u2013 diab\u00e9tica<br \/>\nArapiraca: Mulher, 73 anos \u2013 sem comorbidades<br \/>\nS\u00e3o Miguel dos Campos: Homem, 72 anos \u2013 hipertenso<br \/>\nCoruripe: Homem, 78 anos \u2013 tinha sequelas de AVC<\/p>\n<p>Ocupa\u00e7\u00e3o de leitos<\/p>\n<p>O boletim de leitos exclusivos para Covid-19 desta quinta-feira (6) mostrou a taxa de ocupa\u00e7\u00e3o de leitos em 31% e a de leitos de UTI em 55%.<\/p>\n<p>&nbsp;<\/p>\n<p><strong>Fonte: G1\/AL<\/strong><\/p>\n<p>&nbsp;<\/p>\n","protected":false},"excerpt":{"rendered":"<p>Alagoas confirmou mais 899 casos confirmados e 10 mortes por Covid-19 nesta quinta-feira (6). Com os novos dados, o n\u00famero de casos confirmados subiu para 65.093 e de mortes, para 1.643. Os dados s\u00e3o do boletim epidemiol\u00f3gico da Secretaria de Estado da Sa\u00fade (Sesau). O n\u00famero di\u00e1rio de mortes desta quinta \u00e9 o menor registrado &hellip;<\/p>\n","protected":false},"author":1,"featured_media":8171,"comment_status":"open","ping_status":"open","sticky":false,"template":"","format":"standard","meta":{"_jetpack_newsletter_access":"","_jetpack_dont_email_post_to_subs":false,"_jetpack_newsletter_tier_id":0,"_jetpack_memberships_contains_paywalled_content":false,"_jetpack_memberships_contains_paid_content":false,"footnotes":""},"categories":[1],"tags":[],"class_list":["post-8544","post","type-post","status-publish","format-standard","has-post-thumbnail","hentry","category-destaque"],"jetpack_sharing_enabled":true,"jetpack_featured_media_url":"","_links":{"self":[{"href":"https:\/\/www.oparanews.com.br\/index.php\/wp-json\/wp\/v2\/posts\/8544","targetHints":{"allow":["GET"]}}],"collection":[{"href":"https:\/\/www.oparanews.com.br\/index.php\/wp-json\/wp\/v2\/posts"}],"about":[{"href":"https:\/\/www.oparanews.com.br\/index.php\/wp-json\/wp\/v2\/types\/post"}],"author":[{"embeddable":true,"href":"https:\/\/www.oparanews.com.br\/index.php\/wp-json\/wp\/v2\/users\/1"}],"replies":[{"embeddable":true,"href":"https:\/\/www.oparanews.com.br\/index.php\/wp-json\/wp\/v2\/comments?post=8544"}],"version-history":[{"count":0,"href":"https:\/\/www.oparanews.com.br\/index.php\/wp-json\/wp\/v2\/posts\/8544\/revisions"}],"wp:attachment":[{"href":"https:\/\/www.oparanews.com.br\/index.php\/wp-json\/wp\/v2\/media?parent=8544"}],"wp:term":[{"taxonomy":"category","embeddable":true,"href":"https:\/\/www.oparanews.com.br\/index.php\/wp-json\/wp\/v2\/categories?post=8544"},{"taxonomy":"post_tag","embeddable":true,"href":"https:\/\/www.oparanews.com.br\/index.php\/wp-json\/wp\/v2\/tags?post=8544"}],"curies":[{"name":"wp","href":"https:\/\/api.w.org\/{rel}","templated":true}]}}