{"id":8552,"date":"2020-08-07T18:13:54","date_gmt":"2020-08-07T18:13:54","guid":{"rendered":"https:\/\/oparanews.com.br\/?p=8552"},"modified":"2020-08-07T18:13:54","modified_gmt":"2020-08-07T18:13:54","slug":"moradia-legal-prefeitura-de-penedo-tribunal-de-justica-e-anoreg-entregam-titulos-de-imoveis","status":"publish","type":"post","link":"https:\/\/www.oparanews.com.br\/index.php\/2020\/08\/07\/moradia-legal-prefeitura-de-penedo-tribunal-de-justica-e-anoreg-entregam-titulos-de-imoveis\/","title":{"rendered":"Moradia Legal: Prefeitura de Penedo, Tribunal de Justi\u00e7a e Anoreg entregam t\u00edtulos de im\u00f3veis"},"content":{"rendered":"<p>Em cerim\u00f4nia virtual nesta sexta-feira (07), teve in\u00edcio a entrega de t\u00edtulos de propriedade de im\u00f3veis aos penedenses beneficiados pelo Programa Moradia Legal IV. Nesta nova fase, est\u00e3o sendo favorecidos mais de dois mil penedenses de diversas comunidades.<\/p>\n<p>O programa que acontece em parceria: Prefeitura de Penedo, Tribunal de Justi\u00e7a e Associa\u00e7\u00e3o dos Not\u00e1rios e Registradores de Alagoas, concede de forma totalmente gratuita o t\u00edtulo definitivo de im\u00f3veis para fam\u00edlias de baixa renda.<\/p>\n<p>\u201cQuero agradecer neste momento a parceria para a realiza\u00e7\u00e3o deste programa. Essa a\u00e7\u00e3o que se concretiza \u00e9 um sonho de mais de duas mil fam\u00edlias penedenses, que a partir desta data, recebem o t\u00edtulo de propriedade dos seus im\u00f3veis. Estamos atendendo todos os ditames das Leis vigentes. Portando, estamos ajudando centenas de fam\u00edlias a realizar seu sonho\u201d, pontuou o juiz Carlos Cavalcanti, coordenador do Programa Moradia Legal.<\/p>\n<p>Tamb\u00e9m de forma virtual (confer\u00eancia), o presidente do Tribunal de Justi\u00e7a de Alagoas (TJ-AL), o desembargador Tutm\u00e9s Airan, afirmou que a Justi\u00e7a \u00e9 uma prestadora de servi\u00e7o: \u201cN\u00f3s temos absoluta consci\u00eancia que somos prestadores de servi\u00e7o. E esse servi\u00e7o vem realizando sonhos por todo o estado. S\u00e3o sonhos que se tornam reais ao ter de forma definitiva a sua casa escriturada. Isso \u00e9 de uma import\u00e2ncia extrema. Sei que esse t\u00edtulo \u00e9 muito significativo. \u00c9 bem mais que tranquilizar uma fam\u00edlia ao oficializar a sua morada. \u00c9 um programa que que traz uma s\u00e9rie de benef\u00edcios\u201d.<\/p>\n<p>Na quarta etapa do Programa Moradia Legal est\u00e3o sendo beneficiadas mais de duas mil fam\u00edlias das comunidades: Vilas Primavera, S\u00e3o Francisco e Santa Clara. Al\u00e9m do Mutir\u00e3o, Monte das Oliveiras e Castro Alves. Sendo que a partir de hoje recebem o t\u00edtulo de propriedade 116 moradores do bairro Castro Alves.<\/p>\n<p>\u201cQuero agradecer primeiramente a Deus. S\u00f3 quem sabe \u00e9 quem pega em suas m\u00e3os o papel. Hoje a casa \u00e9 minha e com isso me sinto importante por ser o verdadeiro dono. Muito obrigado e parab\u00e9ns aos envolvidos nesta importante iniciativa\u201d, comemorou a dona de casa, Irenalda Seme\u00e3o de Oliveira.<\/p>\n<p>Devido ao novo Coronav\u00edrus, a cerim\u00f4nia que ocorria presencial, com todos os beneficiados, teve que ocorrer de forma virtual no Gabinete, contando apenas com quatro moradores, o prefeito e vereadores. E os membros do Poder Judici\u00e1rio em Macei\u00f3. Os inscritos do bairro Castro Alves ir\u00e3o receber em m\u00e3os os t\u00edtulos de propriedade dos seus im\u00f3veis. Os contempladas das demais \u00e1reas, a Coordena\u00e7\u00e3o do Moradia Legal divulgar\u00e1 novas datas.<\/p>\n<p>\u201cQuero parabenizar tamb\u00e9m a equipe de cadastradores por fazer parte deste momento. Voc\u00eas tamb\u00e9m fizeram acontecer este sonho. O Moradia Legal significa cidadania. Esse programa \u00e9 resgate de um sonho que at\u00e9 ent\u00e3o, poderia ser dif\u00edcil de ser tornar real. Sabemos das dificuldades de um pai ou m\u00e3e de fam\u00edlia empregar um recurso que pode ser alto para registrar seu im\u00f3vel. Gra\u00e7as a uni\u00e3o da Prefeitura de Penedo, Tribunal de Justi\u00e7a e Associa\u00e7\u00e3o do Not\u00e1rios e Registradores de Alagoas, tudo isso agora acontece de forma gratuita. Muito obrigado aos envolvidos\u201d, encerrou o prefeito Marcius Beltr\u00e3o.<\/p>\n<p>&nbsp;<\/p>\n<p><strong>por Roberto Miranda<\/strong><\/p>\n<p>&nbsp;<\/p>\n","protected":false},"excerpt":{"rendered":"<p>Em cerim\u00f4nia virtual nesta sexta-feira (07), teve in\u00edcio a entrega de t\u00edtulos de propriedade de im\u00f3veis aos penedenses beneficiados pelo Programa Moradia Legal IV. Nesta nova fase, est\u00e3o sendo favorecidos mais de dois mil penedenses de diversas comunidades. O programa que acontece em parceria: Prefeitura de Penedo, Tribunal de Justi\u00e7a e Associa\u00e7\u00e3o dos Not\u00e1rios e &hellip;<\/p>\n","protected":false},"author":1,"featured_media":8553,"comment_status":"open","ping_status":"open","sticky":false,"template":"","format":"standard","meta":{"_jetpack_newsletter_access":"","_jetpack_dont_email_post_to_subs":false,"_jetpack_newsletter_tier_id":0,"_jetpack_memberships_contains_paywalled_content":false,"_jetpack_memberships_contains_paid_content":false,"footnotes":""},"categories":[1],"tags":[],"class_list":["post-8552","post","type-post","status-publish","format-standard","has-post-thumbnail","hentry","category-destaque"],"jetpack_sharing_enabled":true,"jetpack_featured_media_url":"","_links":{"self":[{"href":"https:\/\/www.oparanews.com.br\/index.php\/wp-json\/wp\/v2\/posts\/8552","targetHints":{"allow":["GET"]}}],"collection":[{"href":"https:\/\/www.oparanews.com.br\/index.php\/wp-json\/wp\/v2\/posts"}],"about":[{"href":"https:\/\/www.oparanews.com.br\/index.php\/wp-json\/wp\/v2\/types\/post"}],"author":[{"embeddable":true,"href":"https:\/\/www.oparanews.com.br\/index.php\/wp-json\/wp\/v2\/users\/1"}],"replies":[{"embeddable":true,"href":"https:\/\/www.oparanews.com.br\/index.php\/wp-json\/wp\/v2\/comments?post=8552"}],"version-history":[{"count":0,"href":"https:\/\/www.oparanews.com.br\/index.php\/wp-json\/wp\/v2\/posts\/8552\/revisions"}],"wp:attachment":[{"href":"https:\/\/www.oparanews.com.br\/index.php\/wp-json\/wp\/v2\/media?parent=8552"}],"wp:term":[{"taxonomy":"category","embeddable":true,"href":"https:\/\/www.oparanews.com.br\/index.php\/wp-json\/wp\/v2\/categories?post=8552"},{"taxonomy":"post_tag","embeddable":true,"href":"https:\/\/www.oparanews.com.br\/index.php\/wp-json\/wp\/v2\/tags?post=8552"}],"curies":[{"name":"wp","href":"https:\/\/api.w.org\/{rel}","templated":true}]}}