{"id":8555,"date":"2020-08-08T10:35:30","date_gmt":"2020-08-08T10:35:30","guid":{"rendered":"https:\/\/oparanews.com.br\/?p=8555"},"modified":"2020-08-08T10:35:30","modified_gmt":"2020-08-08T10:35:30","slug":"morre-prefeito-de-arapiraca-rogerio-teofilo","status":"publish","type":"post","link":"https:\/\/www.oparanews.com.br\/index.php\/2020\/08\/08\/morre-prefeito-de-arapiraca-rogerio-teofilo\/","title":{"rendered":"Morre prefeito de Arapiraca, Rog\u00e9rio Te\u00f3filo"},"content":{"rendered":"<div align=\"left\">\n<p dir=\"ltr\">\nFaleceu na noite desta sexta-feira (7) o prefeito de Arapiraca, Rog\u00e9rio Te\u00f3filo, de 63 anos. A informa\u00e7\u00e3o foi confirmada pela fam\u00edlia. A causa da morte n\u00e3o foi divulgada.<\/p>\n<\/div>\n<div align=\"left\">\n<p dir=\"ltr\">Rog\u00e9rio Te\u00f3filo\u00a0<a href=\"https:\/\/g1.globo.com\/al\/alagoas\/noticia\/2020\/08\/07\/prefeito-de-arapiraca-rogerio-teofilo-e-internado-em-hospital.ghtml\">estava internado em um hospital particular de Macei\u00f3<\/a>. Ele apresentou um quadro de s\u00edndrome gripal, que evoluiu para uma pneumonia. Os m\u00e9dicos investigavam a possibilidade de infec\u00e7\u00e3o por Covid-19.<\/p>\n<\/div>\n<p dir=\"ltr\">\nO filho dele, Moacir Te\u00f3filo, confirmou a informa\u00e7\u00e3o numa postagem em sua rede social. Ele se despede do pai e diz que \u00e9 um dos dias mais dif\u00edceis que j\u00e1 viveu.<\/p>\n<p dir=\"ltr\">&#8220;E na noite de hoje meu guerreiro descansou. Um dos dias mais dif\u00edceis que j\u00e1 vivi, mas com um sentimento de gratid\u00e3o. Gratid\u00e3o pelo exemplo de homem, de pai, marido e amigo. Aprendi com ele sobre os princ\u00edpios mais importantes da minha vida. Quantas vezes ele puxava minha orelha e me mostrava o caminho correto. Quantas vezes ele me chamava para conversar. Quantas vezes me ligava seis da manh\u00e3 para falar de seus planos e sonhos. Nos \u00faltimos anos tive a oportunidade de trabalhar ao lado dele e ver tudo que desde pequeno eu pensava como maior orgulho: \u201cali \u00e9 meu pai\u201d. Hoje meu cora\u00e7\u00e3o esta leve pois ele descansou mas aqui ele sempre viver\u00e1. Cuida da gente ao lado da nossa voinha thereza, Meu querido, Meu velho, Meu grande amigo!&#8221;,\u00a0postou Moacir.<\/p>\n<p dir=\"ltr\">\n<p dir=\"ltr\"><strong>Fonte: G1\/AL<\/strong><\/p>\n<p dir=\"ltr\">\n","protected":false},"excerpt":{"rendered":"<p>Faleceu na noite desta sexta-feira (7) o prefeito de Arapiraca, Rog\u00e9rio Te\u00f3filo, de 63 anos. A informa\u00e7\u00e3o foi confirmada pela fam\u00edlia. A causa da morte n\u00e3o foi divulgada. Rog\u00e9rio Te\u00f3filo\u00a0estava internado em um hospital particular de Macei\u00f3. Ele apresentou um quadro de s\u00edndrome gripal, que evoluiu para uma pneumonia. Os m\u00e9dicos investigavam a possibilidade de &hellip;<\/p>\n","protected":false},"author":1,"featured_media":8557,"comment_status":"open","ping_status":"open","sticky":false,"template":"","format":"standard","meta":{"_jetpack_newsletter_access":"","_jetpack_dont_email_post_to_subs":false,"_jetpack_newsletter_tier_id":0,"_jetpack_memberships_contains_paywalled_content":false,"_jetpack_memberships_contains_paid_content":false,"footnotes":""},"categories":[1],"tags":[],"class_list":["post-8555","post","type-post","status-publish","format-standard","has-post-thumbnail","hentry","category-destaque"],"jetpack_sharing_enabled":true,"jetpack_featured_media_url":"","_links":{"self":[{"href":"https:\/\/www.oparanews.com.br\/index.php\/wp-json\/wp\/v2\/posts\/8555","targetHints":{"allow":["GET"]}}],"collection":[{"href":"https:\/\/www.oparanews.com.br\/index.php\/wp-json\/wp\/v2\/posts"}],"about":[{"href":"https:\/\/www.oparanews.com.br\/index.php\/wp-json\/wp\/v2\/types\/post"}],"author":[{"embeddable":true,"href":"https:\/\/www.oparanews.com.br\/index.php\/wp-json\/wp\/v2\/users\/1"}],"replies":[{"embeddable":true,"href":"https:\/\/www.oparanews.com.br\/index.php\/wp-json\/wp\/v2\/comments?post=8555"}],"version-history":[{"count":0,"href":"https:\/\/www.oparanews.com.br\/index.php\/wp-json\/wp\/v2\/posts\/8555\/revisions"}],"wp:attachment":[{"href":"https:\/\/www.oparanews.com.br\/index.php\/wp-json\/wp\/v2\/media?parent=8555"}],"wp:term":[{"taxonomy":"category","embeddable":true,"href":"https:\/\/www.oparanews.com.br\/index.php\/wp-json\/wp\/v2\/categories?post=8555"},{"taxonomy":"post_tag","embeddable":true,"href":"https:\/\/www.oparanews.com.br\/index.php\/wp-json\/wp\/v2\/tags?post=8555"}],"curies":[{"name":"wp","href":"https:\/\/api.w.org\/{rel}","templated":true}]}}