{"id":8567,"date":"2020-08-08T20:15:34","date_gmt":"2020-08-08T20:15:34","guid":{"rendered":"https:\/\/oparanews.com.br\/?p=8567"},"modified":"2020-08-08T20:15:34","modified_gmt":"2020-08-08T20:15:34","slug":"base-do-samu-em-penedo-ganha-investimentos-e-uti-movel","status":"publish","type":"post","link":"https:\/\/www.oparanews.com.br\/index.php\/2020\/08\/08\/base-do-samu-em-penedo-ganha-investimentos-e-uti-movel\/","title":{"rendered":"Base do SAMU em Penedo ganha investimentos e UTI m\u00f3vel"},"content":{"rendered":"<p>Um servi\u00e7o que salva vidas. A miss\u00e3o do SAMU ganha mais importantes aliados em Penedo, cidade que recebe investimentos em sua base e uma UTI m\u00f3vel, tudo isso gra\u00e7as a parceria que existe entre o Governo de Alagoas e a gest\u00e3o Marcius Beltr\u00e3o\/Ronaldo Lopes.<\/p>\n<p>A Unidade de Suporte Avan\u00e7ado (USA) agilizar\u00e1 o atendimento das ocorr\u00eancias mais graves porque n\u00e3o ser\u00e1 preciso aguardar a viatura enviada por Arapiraca, sede da 2\u00aa macrorregi\u00e3o, tamb\u00e9m respons\u00e1vel por Penedo e demais cidades ribeirinhas e litor\u00e2neas, al\u00e9m do Agreste e parte do Sert\u00e3o do estado.<\/p>\n<p>Penedo e regi\u00e3o<\/p>\n<p>\u201cPenedo j\u00e1 tinha uma Unidade de Suporte B\u00e1sico para atender a popula\u00e7\u00e3o e agora estamos recebendo uma USA, mais conhecida pela popula\u00e7\u00e3o como UTI m\u00f3vel, e isso nos traz seguran\u00e7a, n\u00e3o s\u00f3 para a popula\u00e7\u00e3o de Penedo, mas de toda a regi\u00e3o Sul de Alagoas\u201d, destacou o Prefeito Marcius Beltr\u00e3o nesta sexta-feira, 07, agradecendo ao Governador Renan Filho e ao Secret\u00e1rio Estadual de Sa\u00fade, Alexandre Ayres.<\/p>\n<p>O prefeito penedense parabenizou ainda o Secret\u00e1rio Municipal de Sa\u00fade, Marcos Beltr\u00e3o, e toda a equipe pelo empenho e dedica\u00e7\u00e3o, em nome da Coordenadora da Rede de Urg\u00eancia e Emerg\u00eancia, Camylla Rezende Gouveia.<\/p>\n<p>Para o m\u00e9dico e coordenador da UPA de Penedo, Dr. Adolfo Rocha, a UTI m\u00f3vel \u201c\u00e9 de import\u00e2ncia vital para o atendimento, acolhimento e salvamento de vidas, com rapidez e seguran\u00e7a\u201d, condi\u00e7\u00f5es antes prejudicadas pela dist\u00e2ncia entre Penedo e Arapiraca.<\/p>\n<p>Apesar do ganho com a UTI m\u00f3vel, a rela\u00e7\u00e3o entre as duas cidades em rela\u00e7\u00e3o ao SAMU continua devido \u00e0 configura\u00e7\u00e3o administrativa da rede, como explica a enfermeira Marcela Santos do Nascimento, Coordenadora de Enfermagem da Base do SAMU em Penedo.<\/p>\n<p>\u201cO sistema de regula\u00e7\u00e3o funciona pela central 192 e essa chamada vai cair na central de Arapiraca, onde o atendimento \u00e9 feito pelo t\u00e9cnico de regula\u00e7\u00e3o e posteriormente pelo m\u00e9dico, que \u00e9 quem vai avaliar se o paciente est\u00e1 precisando de uma Unidade de Suporte B\u00e1sico ou de uma Unidade de Suporte Avan\u00e7ado\u201d.<\/p>\n<p>Al\u00e9m da USA, a base do SAMU Penedo recebeu investimentos em sua infraestrutura, adequando-se \u00e0s normas de emerg\u00eancia sanit\u00e1ria gerada pela pandemia do novo coronav\u00edrus.<\/p>\n<p>&nbsp;<\/p>\n<p><strong>por Fernando Vin\u00edcius \u2013Decom PMP<\/strong><br \/>\n<strong>Fotos Roberto Miranda \u2013 Jornalista PMP<\/strong><\/p>\n<p><a href=\"https:\/\/oparanews.com.br\/wp-content\/uploads\/2020\/08\/Base-do-SAMU-em-Penedo-\u00e9-ampliada-e-ganha-UTI-m\u00f3vel-Foto-Roberto-Miranda-4.jpeg\"><img loading=\"lazy\" decoding=\"async\" class=\"alignleft size-medium wp-image-8573\" src=\"https:\/\/oparanews.com.br\/wp-content\/uploads\/2020\/08\/Base-do-SAMU-em-Penedo-\u00e9-ampliada-e-ganha-UTI-m\u00f3vel-Foto-Roberto-Miranda-4-300x200.jpeg\" alt=\"\" width=\"300\" height=\"200\" \/><\/a><a href=\"https:\/\/oparanews.com.br\/wp-content\/uploads\/2020\/08\/Base-do-SAMU-em-Penedo-\u00e9-ampliada-e-ganha-UTI-m\u00f3vel-Foto-Roberto-Miranda-8.jpeg\"><img loading=\"lazy\" decoding=\"async\" class=\"alignleft size-medium wp-image-8572\" src=\"https:\/\/oparanews.com.br\/wp-content\/uploads\/2020\/08\/Base-do-SAMU-em-Penedo-\u00e9-ampliada-e-ganha-UTI-m\u00f3vel-Foto-Roberto-Miranda-8-300x200.jpeg\" alt=\"\" width=\"300\" height=\"200\" \/><\/a><a href=\"https:\/\/oparanews.com.br\/wp-content\/uploads\/2020\/08\/Base-do-SAMU-em-Penedo-\u00e9-ampliada-e-ganha-UTI-m\u00f3vel-Foto-Roberto-Miranda-12.jpeg\"><img loading=\"lazy\" decoding=\"async\" class=\"alignleft size-medium wp-image-8570\" src=\"https:\/\/oparanews.com.br\/wp-content\/uploads\/2020\/08\/Base-do-SAMU-em-Penedo-\u00e9-ampliada-e-ganha-UTI-m\u00f3vel-Foto-Roberto-Miranda-12-300x200.jpeg\" alt=\"\" width=\"300\" height=\"200\" \/><\/a><a href=\"https:\/\/oparanews.com.br\/wp-content\/uploads\/2020\/08\/Base-do-SAMU-em-Penedo-\u00e9-ampliada-e-ganha-UTI-m\u00f3vel-Foto-Roberto-Miranda-1.jpeg\"><img loading=\"lazy\" decoding=\"async\" class=\"alignleft size-medium wp-image-8569\" src=\"https:\/\/oparanews.com.br\/wp-content\/uploads\/2020\/08\/Base-do-SAMU-em-Penedo-\u00e9-ampliada-e-ganha-UTI-m\u00f3vel-Foto-Roberto-Miranda-1-300x200.jpeg\" alt=\"\" width=\"300\" height=\"200\" \/><\/a><a href=\"https:\/\/oparanews.com.br\/wp-content\/uploads\/2020\/08\/Base-do-SAMU-em-Penedo-\u00e9-ampliada-e-ganha-UTI-m\u00f3vel-Foto-Roberto-Miranda-2.jpeg\"><img loading=\"lazy\" decoding=\"async\" class=\"alignleft size-medium wp-image-8568\" src=\"https:\/\/oparanews.com.br\/wp-content\/uploads\/2020\/08\/Base-do-SAMU-em-Penedo-\u00e9-ampliada-e-ganha-UTI-m\u00f3vel-Foto-Roberto-Miranda-2-300x200.jpeg\" alt=\"\" width=\"300\" height=\"200\" \/><\/a><\/p>\n<p>&nbsp;<\/p>\n<p>&nbsp;<\/p>\n<p>&nbsp;<\/p>\n<p>&nbsp;<\/p>\n<p>&nbsp;<\/p>\n<p>&nbsp;<\/p>\n<p>&nbsp;<\/p>\n<p>&nbsp;<\/p>\n<p>&nbsp;<\/p>\n<p>&nbsp;<\/p>\n","protected":false},"excerpt":{"rendered":"<p>Um servi\u00e7o que salva vidas. A miss\u00e3o do SAMU ganha mais importantes aliados em Penedo, cidade que recebe investimentos em sua base e uma UTI m\u00f3vel, tudo isso gra\u00e7as a parceria que existe entre o Governo de Alagoas e a gest\u00e3o Marcius Beltr\u00e3o\/Ronaldo Lopes. A Unidade de Suporte Avan\u00e7ado (USA) agilizar\u00e1 o atendimento das ocorr\u00eancias &hellip;<\/p>\n","protected":false},"author":1,"featured_media":8571,"comment_status":"open","ping_status":"open","sticky":false,"template":"","format":"standard","meta":{"_jetpack_newsletter_access":"","_jetpack_dont_email_post_to_subs":false,"_jetpack_newsletter_tier_id":0,"_jetpack_memberships_contains_paywalled_content":false,"_jetpack_memberships_contains_paid_content":false,"footnotes":""},"categories":[1],"tags":[],"class_list":["post-8567","post","type-post","status-publish","format-standard","has-post-thumbnail","hentry","category-destaque"],"jetpack_sharing_enabled":true,"jetpack_featured_media_url":"","_links":{"self":[{"href":"https:\/\/www.oparanews.com.br\/index.php\/wp-json\/wp\/v2\/posts\/8567","targetHints":{"allow":["GET"]}}],"collection":[{"href":"https:\/\/www.oparanews.com.br\/index.php\/wp-json\/wp\/v2\/posts"}],"about":[{"href":"https:\/\/www.oparanews.com.br\/index.php\/wp-json\/wp\/v2\/types\/post"}],"author":[{"embeddable":true,"href":"https:\/\/www.oparanews.com.br\/index.php\/wp-json\/wp\/v2\/users\/1"}],"replies":[{"embeddable":true,"href":"https:\/\/www.oparanews.com.br\/index.php\/wp-json\/wp\/v2\/comments?post=8567"}],"version-history":[{"count":0,"href":"https:\/\/www.oparanews.com.br\/index.php\/wp-json\/wp\/v2\/posts\/8567\/revisions"}],"wp:attachment":[{"href":"https:\/\/www.oparanews.com.br\/index.php\/wp-json\/wp\/v2\/media?parent=8567"}],"wp:term":[{"taxonomy":"category","embeddable":true,"href":"https:\/\/www.oparanews.com.br\/index.php\/wp-json\/wp\/v2\/categories?post=8567"},{"taxonomy":"post_tag","embeddable":true,"href":"https:\/\/www.oparanews.com.br\/index.php\/wp-json\/wp\/v2\/tags?post=8567"}],"curies":[{"name":"wp","href":"https:\/\/api.w.org\/{rel}","templated":true}]}}