{"id":8575,"date":"2020-08-08T20:29:29","date_gmt":"2020-08-08T20:29:29","guid":{"rendered":"https:\/\/oparanews.com.br\/?p=8575"},"modified":"2020-08-08T20:29:29","modified_gmt":"2020-08-08T20:29:29","slug":"walder-lima-se-afasta-do-radio-para-concorrer-a-uma-vaga-no-legislativo-de-penedo","status":"publish","type":"post","link":"https:\/\/www.oparanews.com.br\/index.php\/2020\/08\/08\/walder-lima-se-afasta-do-radio-para-concorrer-a-uma-vaga-no-legislativo-de-penedo\/","title":{"rendered":"Walder Lima se afasta do R\u00e1dio para concorrer a uma vaga no legislativo de Penedo"},"content":{"rendered":"<p>Nesta sexta-feira, 07, Walder Lima participou pela \u00faltima vez do Programa Grande Rio Esporte da R\u00e1dio Grande Rio FM (99,1). O motivo do afastamento \u00e9 que Walder Lima ir\u00e1 concorrer a uma das 15 cadeiras no legislativo municipal de Penedo nas elei\u00e7\u00f5es deste ano.<\/p>\n<p>Walder Lima afirmou que \u00e9 pr\u00e9 candidato a vereador por Penedo pelo partido PROS e que estar se afastando do programa esportivo. Durante sua fala, Walder Lima, que \u00e9 filho do professor e radialista Valdi Fernando falou um pouco da sua profiss\u00e3o como gerente de rede na empresa Prestek Internet e tamb\u00e9m destacou sua passagem como rep\u00f3rter esportivo, onde trabalhou em todas as r\u00e1dios de Penedo (Penedo FM, Grande Rio FM, AM S\u00e3o Francisco e Franc\u00eas FM).<\/p>\n<p>Walder Lima, que \u00e9 formado em Administra\u00e7\u00e3o e p\u00f3s graduado em Gest\u00e3o de Pessoas, \u00e9 um jovem que se eleito for vai lutar pelo interesse da popula\u00e7\u00e3o penedense.<\/p>\n<p>&#8220;Iremos lutar com unhas e dentes para ver o nosso povo crescer e ter uma vida digna&#8221;, disse Walder Lima.<\/p>\n<p>As conven\u00e7\u00f5es partid\u00e1rias em todo territ\u00f3rio nacional acontecer\u00e3o de 31 de agosto at\u00e9 16 de setembro. J\u00e1 as elei\u00e7\u00f5es ser\u00e3o dias 15 e 25 de novembro, primeiro e segundo turno respectivamente.<\/p>\n<p>&nbsp;<\/p>\n<p><strong>por Reda\u00e7\u00e3o<\/strong><\/p>\n<p><a href=\"https:\/\/oparanews.com.br\/wp-content\/uploads\/2020\/08\/IMG_20200807_185855-scaled.jpg\"><img loading=\"lazy\" decoding=\"async\" class=\"alignleft size-medium wp-image-8578\" src=\"https:\/\/oparanews.com.br\/wp-content\/uploads\/2020\/08\/IMG_20200807_185855-300x225.jpg\" alt=\"\" width=\"300\" height=\"225\" \/><\/a><a href=\"https:\/\/oparanews.com.br\/wp-content\/uploads\/2020\/08\/IMG_20200807_190003-scaled.jpg\"><img loading=\"lazy\" decoding=\"async\" class=\"alignleft size-medium wp-image-8577\" src=\"https:\/\/oparanews.com.br\/wp-content\/uploads\/2020\/08\/IMG_20200807_190003-197x300.jpg\" alt=\"\" width=\"197\" height=\"300\" \/><\/a><\/p>\n<p>&nbsp;<\/p>\n<p>&nbsp;<\/p>\n<p>&nbsp;<\/p>\n","protected":false},"excerpt":{"rendered":"<p>Nesta sexta-feira, 07, Walder Lima participou pela \u00faltima vez do Programa Grande Rio Esporte da R\u00e1dio Grande Rio FM (99,1). O motivo do afastamento \u00e9 que Walder Lima ir\u00e1 concorrer a uma das 15 cadeiras no legislativo municipal de Penedo nas elei\u00e7\u00f5es deste ano. Walder Lima afirmou que \u00e9 pr\u00e9 candidato a vereador por Penedo &hellip;<\/p>\n","protected":false},"author":1,"featured_media":8576,"comment_status":"open","ping_status":"open","sticky":false,"template":"","format":"standard","meta":{"_jetpack_newsletter_access":"","_jetpack_dont_email_post_to_subs":false,"_jetpack_newsletter_tier_id":0,"_jetpack_memberships_contains_paywalled_content":false,"_jetpack_memberships_contains_paid_content":false,"footnotes":""},"categories":[1],"tags":[],"class_list":["post-8575","post","type-post","status-publish","format-standard","has-post-thumbnail","hentry","category-destaque"],"jetpack_sharing_enabled":true,"jetpack_featured_media_url":"","_links":{"self":[{"href":"https:\/\/www.oparanews.com.br\/index.php\/wp-json\/wp\/v2\/posts\/8575","targetHints":{"allow":["GET"]}}],"collection":[{"href":"https:\/\/www.oparanews.com.br\/index.php\/wp-json\/wp\/v2\/posts"}],"about":[{"href":"https:\/\/www.oparanews.com.br\/index.php\/wp-json\/wp\/v2\/types\/post"}],"author":[{"embeddable":true,"href":"https:\/\/www.oparanews.com.br\/index.php\/wp-json\/wp\/v2\/users\/1"}],"replies":[{"embeddable":true,"href":"https:\/\/www.oparanews.com.br\/index.php\/wp-json\/wp\/v2\/comments?post=8575"}],"version-history":[{"count":0,"href":"https:\/\/www.oparanews.com.br\/index.php\/wp-json\/wp\/v2\/posts\/8575\/revisions"}],"wp:attachment":[{"href":"https:\/\/www.oparanews.com.br\/index.php\/wp-json\/wp\/v2\/media?parent=8575"}],"wp:term":[{"taxonomy":"category","embeddable":true,"href":"https:\/\/www.oparanews.com.br\/index.php\/wp-json\/wp\/v2\/categories?post=8575"},{"taxonomy":"post_tag","embeddable":true,"href":"https:\/\/www.oparanews.com.br\/index.php\/wp-json\/wp\/v2\/tags?post=8575"}],"curies":[{"name":"wp","href":"https:\/\/api.w.org\/{rel}","templated":true}]}}