{"id":8610,"date":"2020-08-09T22:01:30","date_gmt":"2020-08-09T22:01:30","guid":{"rendered":"https:\/\/oparanews.com.br\/?p=8610"},"modified":"2020-08-09T22:01:30","modified_gmt":"2020-08-09T22:01:30","slug":"bolsonaro-aponta-isolamento-como-causa-de-outras-mortes","status":"publish","type":"post","link":"https:\/\/www.oparanews.com.br\/index.php\/2020\/08\/09\/bolsonaro-aponta-isolamento-como-causa-de-outras-mortes\/","title":{"rendered":"Bolsonaro aponta isolamento como causa de &#8220;outras mortes&#8221;"},"content":{"rendered":"<p>Ap\u00f3s o Brasil ultrapassar a marca de 100 mil \u00f3bitos por covid-19, o presidente Jair Bolsonaro afirmou neste domingo, 9, que lamenta cada morte, &#8220;seja qual for a sua causa&#8221;, e apontou o isolamento social como poss\u00edvel causa de outras mortes no Pa\u00eds, na contram\u00e3o do que dizem m\u00e9dicos, cientistas e a Organiza\u00e7\u00e3o Mundial da Sa\u00fade (OMS).<\/p>\n<p>As declara\u00e7\u00f5es foram dadas pelo presidente da Rep\u00fablica em publica\u00e7\u00e3o no Facebook neste domingo, 9, ap\u00f3s um dia sem fazer refer\u00eancias diretas \u00e0s 100 mil mortes pelo novo coronav\u00edrus no territ\u00f3rio nacional. &#8220;Lamentamos cada morte, seja qual for a sua causa, como a dos 3 bravos policiais militares executados em S\u00e3o Paulo&#8221;, afirmou Bolsonaro.<\/p>\n<p>O presidente da Rep\u00fablica fez refer\u00eancia ao caso de um sargento e dois soldados da Pol\u00edcia Militar mortos durante uma troca de tiros na regi\u00e3o do Butant\u00e3, na zona oeste de S\u00e3o Paulo, na manh\u00e3 de s\u00e1bado, 8.<\/p>\n<p>O Brasil registrou 100.543 mortes causadas em consequ\u00eancia da pandemia do novo coronav\u00edrus, de acordo com levantamento feito no s\u00e1bado pelo cons\u00f3rcio de imprensa formado por Estad\u00e3o, G1, O Globo, Extra, Folha e UOL. O total de pessoas que t\u00eam ou j\u00e1 tiveram a doen\u00e7a no Pa\u00eds chega a 3.013.369.<\/p>\n<p>Para justificar o argumento contra o isolamento, Bolsonaro compartilhou um artigo publicado no portal do jornal brit\u00e2nico Daily Mail. &#8220;Conclui-se que o lockdown matou 2 pessoas para cada 3 de Covid no Reino Unido. No Brasil, mesmo ainda sem dados oficiais, os n\u00fameros n\u00e3o seriam muito diferentes&#8221;, escreveu.<\/p>\n<p>O n\u00famero citado no artigo compartilhado por Bolsonaro, por\u00e9m, diz respeito apenas ao per\u00edodo de 23 de mar\u00e7o a 1\u00ba de maio e faz rela\u00e7\u00e3o \u00e0s mortes por causas diversas ap\u00f3s pessoas n\u00e3o irem ao pronto-socorro. Em ocasi\u00f5es anteriores, Bolsonaro havia falado que os efeitos da quarentena e a crise econ\u00f4mica matariam pessoas, e n\u00e3o apenas o v\u00edrus.<\/p>\n<p>O coment\u00e1rio de Bolsonaro vai na contram\u00e3o de especialistas e autoridades sanit\u00e1rias. Como mostrou o Estad\u00e3o no s\u00e1bado, 8, duas a cada tr\u00eas cidades brasileiras j\u00e1 perderam algu\u00e9m para a covid-19. Pesquisas recentes mostraram, inclusive, que o n\u00famero de mortes seria muito maior se n\u00e3o houvesse isolamento social.<\/p>\n<p>Conforme pesquisa da Universidade Federal Rural do Rio de Janeiro (UFRRJ), o isolamento social, mesmo abaixo dos n\u00edveis desej\u00e1veis pelas autoridades sanit\u00e1rias, poupou 118 mil vidas e evitou que 9,8 milh\u00f5es de pessoas fossem contaminadas por covid-19 apenas em maio deste ano, conforme mostrou o Estad\u00e3o.<\/p>\n<p>M\u00e9dicos e cientistas afirmam que, para conter o avan\u00e7o da doen\u00e7a, \u00e9 preciso que as a\u00e7\u00f5es tenham como base um trip\u00e9: identifica\u00e7\u00e3o e monitoramento precoce dos casos; etiqueta respirat\u00f3ria e cuidados pessoais; isolamento social, ou at\u00e9 lockdown, principalmente nos locais com alta transmiss\u00e3o.<\/p>\n<p>&#8220;Quanto \u00e0 pandemia, n\u00e3o faltaram recursos, equipamentos e medicamentos para estados e munic\u00edpios. N\u00e3o se tem not\u00edcias, ou seriam raras, de filas em hospitais por falta de leitos UTIs ou respiradores&#8221;, escreveu Bolsonaro.<\/p>\n<p>&nbsp;<\/p>\n<p><strong>Fonte: Terra<\/strong><\/p>\n<p>&nbsp;<\/p>\n","protected":false},"excerpt":{"rendered":"<p>Ap\u00f3s o Brasil ultrapassar a marca de 100 mil \u00f3bitos por covid-19, o presidente Jair Bolsonaro afirmou neste domingo, 9, que lamenta cada morte, &#8220;seja qual for a sua causa&#8221;, e apontou o isolamento social como poss\u00edvel causa de outras mortes no Pa\u00eds, na contram\u00e3o do que dizem m\u00e9dicos, cientistas e a Organiza\u00e7\u00e3o Mundial da &hellip;<\/p>\n","protected":false},"author":1,"featured_media":8611,"comment_status":"open","ping_status":"open","sticky":false,"template":"","format":"standard","meta":{"_jetpack_newsletter_access":"","_jetpack_dont_email_post_to_subs":false,"_jetpack_newsletter_tier_id":0,"_jetpack_memberships_contains_paywalled_content":false,"_jetpack_memberships_contains_paid_content":false,"footnotes":""},"categories":[1],"tags":[],"class_list":["post-8610","post","type-post","status-publish","format-standard","has-post-thumbnail","hentry","category-destaque"],"jetpack_sharing_enabled":true,"jetpack_featured_media_url":"","_links":{"self":[{"href":"https:\/\/www.oparanews.com.br\/index.php\/wp-json\/wp\/v2\/posts\/8610","targetHints":{"allow":["GET"]}}],"collection":[{"href":"https:\/\/www.oparanews.com.br\/index.php\/wp-json\/wp\/v2\/posts"}],"about":[{"href":"https:\/\/www.oparanews.com.br\/index.php\/wp-json\/wp\/v2\/types\/post"}],"author":[{"embeddable":true,"href":"https:\/\/www.oparanews.com.br\/index.php\/wp-json\/wp\/v2\/users\/1"}],"replies":[{"embeddable":true,"href":"https:\/\/www.oparanews.com.br\/index.php\/wp-json\/wp\/v2\/comments?post=8610"}],"version-history":[{"count":0,"href":"https:\/\/www.oparanews.com.br\/index.php\/wp-json\/wp\/v2\/posts\/8610\/revisions"}],"wp:attachment":[{"href":"https:\/\/www.oparanews.com.br\/index.php\/wp-json\/wp\/v2\/media?parent=8610"}],"wp:term":[{"taxonomy":"category","embeddable":true,"href":"https:\/\/www.oparanews.com.br\/index.php\/wp-json\/wp\/v2\/categories?post=8610"},{"taxonomy":"post_tag","embeddable":true,"href":"https:\/\/www.oparanews.com.br\/index.php\/wp-json\/wp\/v2\/tags?post=8610"}],"curies":[{"name":"wp","href":"https:\/\/api.w.org\/{rel}","templated":true}]}}