{"id":8613,"date":"2020-08-09T22:02:14","date_gmt":"2020-08-09T22:02:14","guid":{"rendered":"https:\/\/oparanews.com.br\/?p=8613"},"modified":"2020-08-09T22:02:14","modified_gmt":"2020-08-09T22:02:14","slug":"nem-vacina-garante-volta-a-normalidade-dizem-especialistas","status":"publish","type":"post","link":"https:\/\/www.oparanews.com.br\/index.php\/2020\/08\/09\/nem-vacina-garante-volta-a-normalidade-dizem-especialistas\/","title":{"rendered":"Nem vacina garante volta \u00e0 normalidade, dizem especialistas"},"content":{"rendered":"<p>N\u00e3o vai ser aquela celebra\u00e7\u00e3o com a qual muitos sonhavam. Mesmo que n\u00e3o haja absolutamente nenhum contratempo no teste e na aprova\u00e7\u00e3o de uma vacina eficaz contra a covid, que esteja liberada para uso no in\u00edcio de 2021, ainda vai levar um bom tempo para a vida voltar ao normal. E essa volta \u00e0 normalidade pr\u00e9-pand\u00eamica ser\u00e1 muito lenta e gradual, de acordo com especialistas ouvidos pelo Estad\u00e3o.<\/p>\n<p>O freio no otimismo generalizado veio da pr\u00f3pria Organiza\u00e7\u00e3o Mundial de Sa\u00fade (OMS). Na segunda-feira (3), o diretor-geral, Tedros Adhanom Ghebreyesus, afirmou que a vacina pode n\u00e3o se tornar realidade, a despeito de v\u00e1rios testes estarem sendo feitos em uma velocidade sem precedentes e alguns j\u00e1 apresentarem at\u00e9 mesmo resultados promissores. S\u00e3o 164 subst\u00e2ncias candidatas em desenvolvimento; 25 em fase cl\u00ednica, seis delas j\u00e1 no \u00faltimo est\u00e1gio.<\/p>\n<p>&#8220;N\u00e3o existe bala de prata no momento e talvez nunca exista&#8221;, alertou o diretor-geral. &#8220;H\u00e1 uma preocupa\u00e7\u00e3o de que talvez n\u00e3o tenhamos uma vacina que funcione. Ou que a prote\u00e7\u00e3o oferecida possa durar apenas alguns meses, nada mais.&#8221;<\/p>\n<p>Para especialistas, o alerta faz todo o sentido, sobretudo diante do relaxamento das medidas de isolamento social e uso de m\u00e1scaras, com a pandemia estacionada em um patamar muito alto, de aproximadamente mil novos casos por dia no Brasil. &#8220;Alguns gestores j\u00e1 est\u00e3o achando que a vacina vai resolver tudo, que a vida vai voltar ao normal, que n\u00e3o \u00e9 preciso mais fazer distanciamento&#8221;, enumera Cristiana Toscano, representante da Sociedade Brasileira de Imuniza\u00e7\u00f5es (SBIm) em Goi\u00e1s e membro do Grupo Consultivo Estrat\u00e9gico de Especialistas em Imuniza\u00e7\u00e3o da OMS. &#8220;Isso \u00e9 muito preocupante porque o Sars-Cov2 claramente n\u00e3o vai desaparecer rapidamente, ele vai ficar entre n\u00f3s.&#8221;<\/p>\n<p>Segundo a pesquisadora, o otimismo existe, mas precisa ser realista. &#8220;\u00c9 \u00f3timo termos um n\u00famero recorde de vacinas sendo desenvolvidas, achamos que mais cedo ou mais tarde uma delas vai dar certo. Mas, de fato, n\u00e3o temos nenhuma pronta, nem garantias, e n\u00e3o sabemos quando teremos.&#8221;<\/p>\n<p>Apesar de o novo coronav\u00edrus pertencer a uma fam\u00edlia viral j\u00e1 bastante conhecida e de ser um v\u00edrus est\u00e1vel (diferente do HIV, por exemplo, que sofre muitas muta\u00e7\u00f5es), historicamente, apenas uma em cada dez subst\u00e2ncias que chegam \u00e0 fase final dos testes se transforma, de fato, em vacina.<\/p>\n<p>&#8220;A fase 3 \u00e9, justamente, a mais complexa, \u00e9 ela que avalia a efic\u00e1cia do produto, que diz se ele consegue prevenir ou n\u00e3o a infec\u00e7\u00e3o&#8221;, explica o virologista Fl\u00e1vio Guimar\u00e3es da Fonseca, pesquisador do Centro de Tecnologia de Vacinas da UFMG. &#8220;A taxa de sucesso nesta fase cl\u00ednica \u00e9 de 10%, e \u00e9 preciso lembrar que nunca se gerou uma nova vacina numa velocidade t\u00e3o alta; esse a\u00e7odamento pode ter um pre\u00e7o.&#8221;<\/p>\n<p>Prote\u00e7\u00e3o<\/p>\n<p>A primeira quest\u00e3o a ser observada \u00e9 o porcentual de prote\u00e7\u00e3o da popula\u00e7\u00e3o. A vacina contra o sarampo, por exemplo, apresenta um dos mais altos, de 98%. A vacina contra a dengue, desenvolvida em quatro anos, tem 70% e n\u00e3o \u00e9 oferecida gratuitamente. No caso de uma pandemia mundial, uma porcentagem ainda mais baixa, de pelo menos 50%, poderia ser estrategicamente importante.<\/p>\n<p>Al\u00e9m disso, os n\u00edveis de prote\u00e7\u00e3o para grupos demogr\u00e1ficos distintos podem tamb\u00e9m variar &#8211; idosos, por exemplo, podem ter respostas imunes menos robustas. &#8220;Em vista de uma emerg\u00eancia sanit\u00e1ria, isso pode ser considerado. Mas mesmo que seja de 80% para todo mundo, por exemplo, \u00e9 bom lembrar que ainda vai ter uma parcela significativa da popula\u00e7\u00e3o sem prote\u00e7\u00e3o&#8221;, aponta Guimar\u00e3es. &#8220;Ou seja, n\u00e3o vai ser poss\u00edvel voltar \u00e0 normalidade.&#8221;<\/p>\n<p>Outro problema \u00e9 o per\u00edodo da prote\u00e7\u00e3o oferecido pelo imunizante. Se for de alguns meses, por exemplo, valeria a pena vacinar todo mundo? Ou seria o caso de imunizar apenas profissionais de sa\u00fade que trabalham na linha de frente do atendimento? A necessidade de v\u00e1rias doses da vacina para um resultado mais eficaz \u00e9 vi\u00e1vel do ponto de vista log\u00edstico e econ\u00f4mico? Uma vacina que s\u00f3 atenua os sintomas da doen\u00e7a \u00e9 v\u00e1lida? S\u00e3o quest\u00f5es importantes a serem respondidas.<\/p>\n<p>Por fim, as capacidades de produ\u00e7\u00e3o e distribui\u00e7\u00e3o de bilh\u00f5es de doses de uma vacina no mais curto per\u00edodo de tempo poss\u00edvel podem representar um gigantesco desafio. &#8220;N\u00e3o h\u00e1 no mundo inteiro nenhum laborat\u00f3rio privado ou p\u00fablico capaz de produzir 7 bilh\u00f5es de doses&#8221;, afirma Guimar\u00e3es. Al\u00e9m disso, precisaria haver alguma garantia de que o produto seria acess\u00edvel aos mais pobres.<\/p>\n<p>Para a distribui\u00e7\u00e3o e aplica\u00e7\u00e3o da vacina, outro tipo de log\u00edstica teria de ser montada. Envolveria um escalonamento da popula\u00e7\u00e3o, de forma que os mais expostos e os mais vulner\u00e1veis recebessem a imuniza\u00e7\u00e3o em primeiro lugar. &#8220;Isso tudo leva meses&#8221;, frisa Cristiana Toscano. &#8220;E quando for disponibilizada, n\u00e3o vai ser de uma vez s\u00f3 que todos estar\u00e3o protegidos; \u00e9 um processo paulatino.&#8221;<\/p>\n<p>Fl\u00e1vio Guimar\u00e3es concorda com a colega. &#8220;Pode parecer uma previs\u00e3o pessimista, mas \u00e9 realista. E mesmo com uma vacina eficaz j\u00e1 sendo aplicada, vamos continuar tendo de manter o distanciamento e usar m\u00e1scara por muito tempo ainda at\u00e9 o controle dessa doen\u00e7a.&#8221;<\/p>\n<p>&nbsp;<\/p>\n<p><strong>Fonte: Terra<\/strong><\/p>\n<p>&nbsp;<\/p>\n","protected":false},"excerpt":{"rendered":"<p>N\u00e3o vai ser aquela celebra\u00e7\u00e3o com a qual muitos sonhavam. Mesmo que n\u00e3o haja absolutamente nenhum contratempo no teste e na aprova\u00e7\u00e3o de uma vacina eficaz contra a covid, que esteja liberada para uso no in\u00edcio de 2021, ainda vai levar um bom tempo para a vida voltar ao normal. E essa volta \u00e0 normalidade &hellip;<\/p>\n","protected":false},"author":1,"featured_media":8614,"comment_status":"open","ping_status":"open","sticky":false,"template":"","format":"standard","meta":{"_jetpack_newsletter_access":"","_jetpack_dont_email_post_to_subs":false,"_jetpack_newsletter_tier_id":0,"_jetpack_memberships_contains_paywalled_content":false,"_jetpack_memberships_contains_paid_content":false,"footnotes":""},"categories":[1],"tags":[],"class_list":["post-8613","post","type-post","status-publish","format-standard","has-post-thumbnail","hentry","category-destaque"],"jetpack_sharing_enabled":true,"jetpack_featured_media_url":"","_links":{"self":[{"href":"https:\/\/www.oparanews.com.br\/index.php\/wp-json\/wp\/v2\/posts\/8613","targetHints":{"allow":["GET"]}}],"collection":[{"href":"https:\/\/www.oparanews.com.br\/index.php\/wp-json\/wp\/v2\/posts"}],"about":[{"href":"https:\/\/www.oparanews.com.br\/index.php\/wp-json\/wp\/v2\/types\/post"}],"author":[{"embeddable":true,"href":"https:\/\/www.oparanews.com.br\/index.php\/wp-json\/wp\/v2\/users\/1"}],"replies":[{"embeddable":true,"href":"https:\/\/www.oparanews.com.br\/index.php\/wp-json\/wp\/v2\/comments?post=8613"}],"version-history":[{"count":0,"href":"https:\/\/www.oparanews.com.br\/index.php\/wp-json\/wp\/v2\/posts\/8613\/revisions"}],"wp:attachment":[{"href":"https:\/\/www.oparanews.com.br\/index.php\/wp-json\/wp\/v2\/media?parent=8613"}],"wp:term":[{"taxonomy":"category","embeddable":true,"href":"https:\/\/www.oparanews.com.br\/index.php\/wp-json\/wp\/v2\/categories?post=8613"},{"taxonomy":"post_tag","embeddable":true,"href":"https:\/\/www.oparanews.com.br\/index.php\/wp-json\/wp\/v2\/tags?post=8613"}],"curies":[{"name":"wp","href":"https:\/\/api.w.org\/{rel}","templated":true}]}}