{"id":8616,"date":"2020-08-10T12:22:10","date_gmt":"2020-08-10T12:22:10","guid":{"rendered":"https:\/\/oparanews.com.br\/?p=8616"},"modified":"2020-08-10T12:22:10","modified_gmt":"2020-08-10T12:22:10","slug":"agnaldo-timoteo-revela-ter-grande-magoa-de-roberto-carlos","status":"publish","type":"post","link":"https:\/\/www.oparanews.com.br\/index.php\/2020\/08\/10\/agnaldo-timoteo-revela-ter-grande-magoa-de-roberto-carlos\/","title":{"rendered":"Agnaldo Tim\u00f3teo revela ter grande m\u00e1goa de Roberto Carlos"},"content":{"rendered":"<p>Agnaldo Tim\u00f3teo foi entrevistado no Domingo Espetacular deste domingo (9), no quadro \u201cPor Onde Anda?\u201d. O cantor contou como est\u00e1 sua recupera\u00e7\u00e3o ap\u00f3s sofrer AVC e princ\u00edpio de infarto em maio do ano passado. Mostrando muita disposi\u00e7\u00e3o e lucidez no auge de seus 83 anos de idade, ele disse que est\u00e1 totalmente recuperado do susto. Em determinado momento riu, lembrando que chegou a ser noticiada a sua morte:<\/p>\n<p>\u201cMentira!! Publicaram para vender jornais\u201d, gargalhou.<\/p>\n<p>Mas seu caso foi bem complicado, tanto que os m\u00e9dicos chamaram seus parentes para que ficassem preparados:<\/p>\n<p>\u201cEstava morto e os m\u00e9dicos me deram 5% de chance de vida. Sobrevivi!\u201d, relembrou.<\/p>\n<p>Sempre direto e sem \u2018papas na l\u00edngua\u2019, Agnaldo relembrou diversos fatos de sua carreira e que sentia uma grande m\u00e1goa de Roberto Carlos:<\/p>\n<p>\u201cRoberto Carlos foi imperdoavelmente deselegante comigo durante a minha carreira. Nunca me deu a honra para gravar uma m\u00fasica com ele. E eu gravei v\u00e1rias m\u00fasicas dele\u201d, disparou ressentido.<\/p>\n<p>&nbsp;<\/p>\n<p><strong>Fonte: O Fuxico<\/strong><\/p>\n<p>&nbsp;<\/p>\n","protected":false},"excerpt":{"rendered":"<p>Agnaldo Tim\u00f3teo foi entrevistado no Domingo Espetacular deste domingo (9), no quadro \u201cPor Onde Anda?\u201d. O cantor contou como est\u00e1 sua recupera\u00e7\u00e3o ap\u00f3s sofrer AVC e princ\u00edpio de infarto em maio do ano passado. Mostrando muita disposi\u00e7\u00e3o e lucidez no auge de seus 83 anos de idade, ele disse que est\u00e1 totalmente recuperado do susto. &hellip;<\/p>\n","protected":false},"author":1,"featured_media":8617,"comment_status":"open","ping_status":"open","sticky":false,"template":"","format":"standard","meta":{"_jetpack_newsletter_access":"","_jetpack_dont_email_post_to_subs":false,"_jetpack_newsletter_tier_id":0,"_jetpack_memberships_contains_paywalled_content":false,"_jetpack_memberships_contains_paid_content":false,"footnotes":""},"categories":[1],"tags":[],"class_list":["post-8616","post","type-post","status-publish","format-standard","has-post-thumbnail","hentry","category-destaque"],"jetpack_sharing_enabled":true,"jetpack_featured_media_url":"","_links":{"self":[{"href":"https:\/\/www.oparanews.com.br\/index.php\/wp-json\/wp\/v2\/posts\/8616","targetHints":{"allow":["GET"]}}],"collection":[{"href":"https:\/\/www.oparanews.com.br\/index.php\/wp-json\/wp\/v2\/posts"}],"about":[{"href":"https:\/\/www.oparanews.com.br\/index.php\/wp-json\/wp\/v2\/types\/post"}],"author":[{"embeddable":true,"href":"https:\/\/www.oparanews.com.br\/index.php\/wp-json\/wp\/v2\/users\/1"}],"replies":[{"embeddable":true,"href":"https:\/\/www.oparanews.com.br\/index.php\/wp-json\/wp\/v2\/comments?post=8616"}],"version-history":[{"count":0,"href":"https:\/\/www.oparanews.com.br\/index.php\/wp-json\/wp\/v2\/posts\/8616\/revisions"}],"wp:attachment":[{"href":"https:\/\/www.oparanews.com.br\/index.php\/wp-json\/wp\/v2\/media?parent=8616"}],"wp:term":[{"taxonomy":"category","embeddable":true,"href":"https:\/\/www.oparanews.com.br\/index.php\/wp-json\/wp\/v2\/categories?post=8616"},{"taxonomy":"post_tag","embeddable":true,"href":"https:\/\/www.oparanews.com.br\/index.php\/wp-json\/wp\/v2\/tags?post=8616"}],"curies":[{"name":"wp","href":"https:\/\/api.w.org\/{rel}","templated":true}]}}