{"id":8619,"date":"2020-08-10T12:25:25","date_gmt":"2020-08-10T12:25:25","guid":{"rendered":"https:\/\/oparanews.com.br\/?p=8619"},"modified":"2020-08-10T12:25:25","modified_gmt":"2020-08-10T12:25:25","slug":"marilia-mendonca-e-cancelada-e-acusada-de-transfobia-na-web","status":"publish","type":"post","link":"https:\/\/www.oparanews.com.br\/index.php\/2020\/08\/10\/marilia-mendonca-e-cancelada-e-acusada-de-transfobia-na-web\/","title":{"rendered":"Mar\u00edlia Mendon\u00e7a \u00e9 \u201ccancelada\u201d e acusada de transfobia na web"},"content":{"rendered":"<p>Mar\u00edlia Mendon\u00e7a voltou a ser um dos assuntos mais comentados no Twitter, na madrugada desta segunda-feira (10). O motivo, por\u00e9m, n\u00e3o foi positivo. Alguns internautas lembraram de um coment\u00e1rio feito pela cantora durante a live do \u00faltimo s\u00e1bado (8).<\/p>\n<p>A cantora foi acusada por usu\u00e1rios da rede social de transfobia ap\u00f3s rir de um amigo que teria ficado com uma mulher transexual. Na ocasi\u00e3o, a sertaneja iniciou contando a hist\u00f3ria de um de seus m\u00fasicos.<\/p>\n<p>Segundo a famosa, ele que teria ido a uma boate LGBTQIA+ em Goi\u00e2nia. Assim que ela come\u00e7ou, ent\u00e3o, a equipe da cantora come\u00e7ou a rir. \u201cDisse que l\u00e1 foi o lugar em que ele beijou a mulher mais bonita da vida dele. \u00c9 s\u00f3 isso. O contexto voc\u00eas n\u00e3o v\u00e3o saber\u201d, disparou Mar\u00edlia Mendon\u00e7a.<\/p>\n<p>Ap\u00f3s os coment\u00e1rios, os m\u00fasicos e a pr\u00f3pria artista deixam no ar que ficaram desconfiados de que a mulher seria transexual. O m\u00fasico citado pela cantora, ent\u00e3o, se posicionou na live: \u201cEra mulher mesmo, porr*\u201d.<\/p>\n<p>No Twitter, os internautas criticaram o deboche da famosa e de sua equipe com a situa\u00e7\u00e3o e os acusaram de transfobia. \u201cMar\u00edlia Mendon\u00e7a sendo transf\u00f3bica. Primeiro, essa boate em Goi\u00e2nia era maravilhosa e as pessoas iam pra se divertir. Se o conhecido dela foi e beijou uma trans, fez muito bem!\u201d, disparou um.<\/p>\n<p>\u201cEspero que voc\u00eas n chamem a cobran\u00e7a que Mar\u00edlia Mendon\u00e7a est\u00e1 sofrendo de cancelamento, pois n\u00e3o \u00e9. O Brasil \u00e9 o pa\u00eds que lidera em assassinato de trans no mundo, que ela entenda o peso da \u2018piada\u2019 transf\u00f3bica que fez e a liga\u00e7\u00e3o direta com a desvaloriza\u00e7\u00e3o da vida de pessoas trans\u201d, afirmou outro.<\/p>\n<p>Um terceiro declarou: \u201cA Mar\u00edlia Mendon\u00e7a fazendo chacota do amigo por ter ficado com uma mulher trans. At\u00e9 quando o ato de se relacionar com pessoas trans vai ser motivo de piada? Mar\u00edlia Mendon\u00e7a expressou sua transfobia atrav\u00e9s de risos. Quer passar pano? Passe! Mas pessoas trans merecem respeito\u201d.<\/p>\n<p>&nbsp;<\/p>\n<p><strong>Fonte: RD1<\/strong><\/p>\n<p>&nbsp;<\/p>\n","protected":false},"excerpt":{"rendered":"<p>Mar\u00edlia Mendon\u00e7a voltou a ser um dos assuntos mais comentados no Twitter, na madrugada desta segunda-feira (10). O motivo, por\u00e9m, n\u00e3o foi positivo. Alguns internautas lembraram de um coment\u00e1rio feito pela cantora durante a live do \u00faltimo s\u00e1bado (8). A cantora foi acusada por usu\u00e1rios da rede social de transfobia ap\u00f3s rir de um amigo &hellip;<\/p>\n","protected":false},"author":1,"featured_media":8620,"comment_status":"open","ping_status":"open","sticky":false,"template":"","format":"standard","meta":{"_jetpack_newsletter_access":"","_jetpack_dont_email_post_to_subs":false,"_jetpack_newsletter_tier_id":0,"_jetpack_memberships_contains_paywalled_content":false,"_jetpack_memberships_contains_paid_content":false,"footnotes":""},"categories":[1],"tags":[],"class_list":["post-8619","post","type-post","status-publish","format-standard","has-post-thumbnail","hentry","category-destaque"],"jetpack_sharing_enabled":true,"jetpack_featured_media_url":"","_links":{"self":[{"href":"https:\/\/www.oparanews.com.br\/index.php\/wp-json\/wp\/v2\/posts\/8619","targetHints":{"allow":["GET"]}}],"collection":[{"href":"https:\/\/www.oparanews.com.br\/index.php\/wp-json\/wp\/v2\/posts"}],"about":[{"href":"https:\/\/www.oparanews.com.br\/index.php\/wp-json\/wp\/v2\/types\/post"}],"author":[{"embeddable":true,"href":"https:\/\/www.oparanews.com.br\/index.php\/wp-json\/wp\/v2\/users\/1"}],"replies":[{"embeddable":true,"href":"https:\/\/www.oparanews.com.br\/index.php\/wp-json\/wp\/v2\/comments?post=8619"}],"version-history":[{"count":0,"href":"https:\/\/www.oparanews.com.br\/index.php\/wp-json\/wp\/v2\/posts\/8619\/revisions"}],"wp:attachment":[{"href":"https:\/\/www.oparanews.com.br\/index.php\/wp-json\/wp\/v2\/media?parent=8619"}],"wp:term":[{"taxonomy":"category","embeddable":true,"href":"https:\/\/www.oparanews.com.br\/index.php\/wp-json\/wp\/v2\/categories?post=8619"},{"taxonomy":"post_tag","embeddable":true,"href":"https:\/\/www.oparanews.com.br\/index.php\/wp-json\/wp\/v2\/tags?post=8619"}],"curies":[{"name":"wp","href":"https:\/\/api.w.org\/{rel}","templated":true}]}}