{"id":8622,"date":"2020-08-10T12:55:29","date_gmt":"2020-08-10T12:55:29","guid":{"rendered":"https:\/\/oparanews.com.br\/?p=8622"},"modified":"2020-08-10T12:55:29","modified_gmt":"2020-08-10T12:55:29","slug":"salve-se-quem-puder-e-amor-de-mae-voltam-as-gravacoes","status":"publish","type":"post","link":"https:\/\/www.oparanews.com.br\/index.php\/2020\/08\/10\/salve-se-quem-puder-e-amor-de-mae-voltam-as-gravacoes\/","title":{"rendered":"\u201cSalve-se quem puder\u201d e \u201cAmor de m\u00e3e\u201d voltam \u00e0s grava\u00e7\u00f5es"},"content":{"rendered":"<p>Depois de uma longa paralisa\u00e7\u00e3o por conta da pandemia do novo coronav\u00edrus, as novelas da Rede Globo, \u201cSalve-se quem puder\u201d e \u201cAmor de m\u00e3e\u201d, retomam \u00e0s grava\u00e7\u00f5es nesta segunda-feira (10). Os folhetins estavam suspensos desde mar\u00e7o deste ano. Mesmo com a volta da produ\u00e7\u00e3o, a emissora n\u00e3o oficializa a data de retorno das atra\u00e7\u00f5es \u00e0s telinhas.<\/p>\n<p>A expectativa \u00e9 de que \u201cSalve-se quem puder\u201d e \u201cAmor de m\u00e3e\u201d voltem a ser exibidas apenas no primeiro trimestre de 2021. Neste momento, a prioridade da emissora \u00e9 a seguran\u00e7a das pessoas envolvidas na produ\u00e7\u00e3o das duas novelas. De acordo com o colunista Fefito, o n\u00famero de grava\u00e7\u00f5es por dia cair\u00e1 pela metade para evitar aglomera\u00e7\u00f5es. Al\u00e9m disso, foram instaladas divis\u00f3rias de acr\u00edlico em \u00e1reas de conviv\u00eancia e os camarins ser\u00e3o de uso exclusivo.<\/p>\n<p>Por conta da pandemia da Covid-19, as novelas ter\u00e3o menos cap\u00edtulos do que o planejado inicialmente neste retorno. \u201cAmor de M\u00e3e\u201d deve contar com mais 23 epis\u00f3dios, metade do previsto. \u201cSalve-se quem puder\u201d ter\u00e1 mais 43, 50 a menos do plano inicial. A ordem da Rede Globo \u00e9 priorizar as tramas centrais dos dois folhetins para reduzir o tempo de produ\u00e7\u00e3o.<\/p>\n<p>&nbsp;<\/p>\n<p><strong>Fonte: Famosidades<\/strong><\/p>\n<p>&nbsp;<\/p>\n","protected":false},"excerpt":{"rendered":"<p>Depois de uma longa paralisa\u00e7\u00e3o por conta da pandemia do novo coronav\u00edrus, as novelas da Rede Globo, \u201cSalve-se quem puder\u201d e \u201cAmor de m\u00e3e\u201d, retomam \u00e0s grava\u00e7\u00f5es nesta segunda-feira (10). Os folhetins estavam suspensos desde mar\u00e7o deste ano. Mesmo com a volta da produ\u00e7\u00e3o, a emissora n\u00e3o oficializa a data de retorno das atra\u00e7\u00f5es \u00e0s &hellip;<\/p>\n","protected":false},"author":1,"featured_media":8623,"comment_status":"open","ping_status":"open","sticky":false,"template":"","format":"standard","meta":{"_jetpack_newsletter_access":"","_jetpack_dont_email_post_to_subs":false,"_jetpack_newsletter_tier_id":0,"_jetpack_memberships_contains_paywalled_content":false,"_jetpack_memberships_contains_paid_content":false,"footnotes":""},"categories":[1],"tags":[],"class_list":["post-8622","post","type-post","status-publish","format-standard","has-post-thumbnail","hentry","category-destaque"],"jetpack_sharing_enabled":true,"jetpack_featured_media_url":"","_links":{"self":[{"href":"https:\/\/www.oparanews.com.br\/index.php\/wp-json\/wp\/v2\/posts\/8622","targetHints":{"allow":["GET"]}}],"collection":[{"href":"https:\/\/www.oparanews.com.br\/index.php\/wp-json\/wp\/v2\/posts"}],"about":[{"href":"https:\/\/www.oparanews.com.br\/index.php\/wp-json\/wp\/v2\/types\/post"}],"author":[{"embeddable":true,"href":"https:\/\/www.oparanews.com.br\/index.php\/wp-json\/wp\/v2\/users\/1"}],"replies":[{"embeddable":true,"href":"https:\/\/www.oparanews.com.br\/index.php\/wp-json\/wp\/v2\/comments?post=8622"}],"version-history":[{"count":0,"href":"https:\/\/www.oparanews.com.br\/index.php\/wp-json\/wp\/v2\/posts\/8622\/revisions"}],"wp:attachment":[{"href":"https:\/\/www.oparanews.com.br\/index.php\/wp-json\/wp\/v2\/media?parent=8622"}],"wp:term":[{"taxonomy":"category","embeddable":true,"href":"https:\/\/www.oparanews.com.br\/index.php\/wp-json\/wp\/v2\/categories?post=8622"},{"taxonomy":"post_tag","embeddable":true,"href":"https:\/\/www.oparanews.com.br\/index.php\/wp-json\/wp\/v2\/tags?post=8622"}],"curies":[{"name":"wp","href":"https:\/\/api.w.org\/{rel}","templated":true}]}}