{"id":8625,"date":"2020-08-10T13:05:36","date_gmt":"2020-08-10T13:05:36","guid":{"rendered":"https:\/\/oparanews.com.br\/?p=8625"},"modified":"2020-08-10T13:05:36","modified_gmt":"2020-08-10T13:05:36","slug":"prefeito-de-pao-de-acucar-fica-ferido-em-acidente-na-rodovia-al-130","status":"publish","type":"post","link":"https:\/\/www.oparanews.com.br\/index.php\/2020\/08\/10\/prefeito-de-pao-de-acucar-fica-ferido-em-acidente-na-rodovia-al-130\/","title":{"rendered":"Prefeito de P\u00e3o de A\u00e7\u00facar fica ferido em acidente na rodovia AL-130"},"content":{"rendered":"<p>O prefeito de P\u00e3o de A\u00e7\u00facar, Clayton Farias Pinto (PSL), ficou ferido ap\u00f3s o ve\u00edculo que ele estava se envolver em um acidente na noite desse domingo (9) perto da entrada da Fazenda Reden\u00e7\u00e3o, em um trecho da rodovia AL-130, que d\u00e1 acesso ao munic\u00edpio. O condutor do outro ve\u00edculo tamb\u00e9m ficou ferido.<\/p>\n<p>De acordo com o Batalh\u00e3o de Pol\u00edcia Rodovi\u00e1rio (BPRv), o prefeito estava em um ve\u00edculo modelo Renault Duster, que bateu contra a traseira de um Chevrolet Corsa. N\u00e3o h\u00e1 informa\u00e7\u00f5es se ele conduzia o ve\u00edculo ou era passageiro.<\/p>\n<p>Com o impacto, o Chevrolet Corsa ficou com a traseira totalmente destru\u00edda. Os ve\u00edculos precisaram ser retirados do local por tratores.<\/p>\n<p>O prefeito teve algumas les\u00f5es e foi levado para o hospital regional da cidade, mas foi transferido para o Hospital de Emerg\u00eancia do Agreste (HEA), em Arapiraca. Segundo a unidade, ele fez uma tomografia porque sofreu um hematoma grande na cabe\u00e7a. Ele foi medicado, avaliado por um neurocirugi\u00e3o e liberado.<\/p>\n<p>&nbsp;<\/p>\n<p><strong>Fonte: G1\/AL<\/strong><\/p>\n<p>&nbsp;<\/p>\n","protected":false},"excerpt":{"rendered":"<p>O prefeito de P\u00e3o de A\u00e7\u00facar, Clayton Farias Pinto (PSL), ficou ferido ap\u00f3s o ve\u00edculo que ele estava se envolver em um acidente na noite desse domingo (9) perto da entrada da Fazenda Reden\u00e7\u00e3o, em um trecho da rodovia AL-130, que d\u00e1 acesso ao munic\u00edpio. O condutor do outro ve\u00edculo tamb\u00e9m ficou ferido. De acordo &hellip;<\/p>\n","protected":false},"author":1,"featured_media":8626,"comment_status":"open","ping_status":"open","sticky":false,"template":"","format":"standard","meta":{"_jetpack_newsletter_access":"","_jetpack_dont_email_post_to_subs":false,"_jetpack_newsletter_tier_id":0,"_jetpack_memberships_contains_paywalled_content":false,"_jetpack_memberships_contains_paid_content":false,"footnotes":""},"categories":[1],"tags":[],"class_list":["post-8625","post","type-post","status-publish","format-standard","has-post-thumbnail","hentry","category-destaque"],"jetpack_sharing_enabled":true,"jetpack_featured_media_url":"","_links":{"self":[{"href":"https:\/\/www.oparanews.com.br\/index.php\/wp-json\/wp\/v2\/posts\/8625","targetHints":{"allow":["GET"]}}],"collection":[{"href":"https:\/\/www.oparanews.com.br\/index.php\/wp-json\/wp\/v2\/posts"}],"about":[{"href":"https:\/\/www.oparanews.com.br\/index.php\/wp-json\/wp\/v2\/types\/post"}],"author":[{"embeddable":true,"href":"https:\/\/www.oparanews.com.br\/index.php\/wp-json\/wp\/v2\/users\/1"}],"replies":[{"embeddable":true,"href":"https:\/\/www.oparanews.com.br\/index.php\/wp-json\/wp\/v2\/comments?post=8625"}],"version-history":[{"count":0,"href":"https:\/\/www.oparanews.com.br\/index.php\/wp-json\/wp\/v2\/posts\/8625\/revisions"}],"wp:attachment":[{"href":"https:\/\/www.oparanews.com.br\/index.php\/wp-json\/wp\/v2\/media?parent=8625"}],"wp:term":[{"taxonomy":"category","embeddable":true,"href":"https:\/\/www.oparanews.com.br\/index.php\/wp-json\/wp\/v2\/categories?post=8625"},{"taxonomy":"post_tag","embeddable":true,"href":"https:\/\/www.oparanews.com.br\/index.php\/wp-json\/wp\/v2\/tags?post=8625"}],"curies":[{"name":"wp","href":"https:\/\/api.w.org\/{rel}","templated":true}]}}