{"id":8628,"date":"2020-08-10T13:18:39","date_gmt":"2020-08-10T13:18:39","guid":{"rendered":"https:\/\/oparanews.com.br\/?p=8628"},"modified":"2020-08-10T13:18:39","modified_gmt":"2020-08-10T13:18:39","slug":"com-a-pratica-medicos-aprendem-a-tratar-covid-e-salvam-mais-vidas-nas-utis","status":"publish","type":"post","link":"https:\/\/www.oparanews.com.br\/index.php\/2020\/08\/10\/com-a-pratica-medicos-aprendem-a-tratar-covid-e-salvam-mais-vidas-nas-utis\/","title":{"rendered":"Com a pr\u00e1tica, m\u00e9dicos aprendem a tratar covid e salvam mais vidas nas UTIs"},"content":{"rendered":"<p>Quando o novo coronav\u00edrus chegou ao Brasil, em fevereiro, os m\u00e9dicos se viram diante de uma doen\u00e7a nova, de alto grau de cont\u00e1gio e sem protocolos de tratamento. Era um desafio in\u00e9dito para a gera\u00e7\u00e3o de profissionais de sa\u00fade no pa\u00eds, que nunca enfrentou um problema dessa magnitude.<\/p>\n<p>Passados cinco meses das primeiras interna\u00e7\u00f5es por covid-19 no Brasil, eles avaliam que, mesmo sem vacina ou uma medica\u00e7\u00e3o que elimine o v\u00edrus no corpo infectado, a pr\u00e1tica no tratamento elevou as chances de sobreviv\u00eancia de casos graves gra\u00e7as a procedimentos e drogas que melhoram a resposta do corpo \u00e0s consequ\u00eancias da doen\u00e7a.<\/p>\n<p>Hoje, segundo dados do painel de dados &#8220;UTIs Brasileiras&#8221;, a mortalidade de pacientes que passam por leito de terapia intensiva \u00e9 de 34%. Inicialmente, esse \u00edndice chegava a superar 50%. &#8220;Hoje a gente conhece melhor o que est\u00e1 tratando. Quando a doen\u00e7a chegou para n\u00f3s, era uma doen\u00e7a nova; tentou-se utilizar conhecimento de outras doen\u00e7as, mas vimos logo que havia mais coisas&#8221;, conta Marcos Galindo, da Comiss\u00e3o de \u00c9tica e Defesa Profissional da AMIB (Associa\u00e7\u00e3o de Medicina Intensiva Brasileira).<\/p>\n<p>&nbsp;<\/p>\n<p><strong>Fonte: UOL<\/strong><\/p>\n<p>&nbsp;<\/p>\n","protected":false},"excerpt":{"rendered":"<p>Quando o novo coronav\u00edrus chegou ao Brasil, em fevereiro, os m\u00e9dicos se viram diante de uma doen\u00e7a nova, de alto grau de cont\u00e1gio e sem protocolos de tratamento. Era um desafio in\u00e9dito para a gera\u00e7\u00e3o de profissionais de sa\u00fade no pa\u00eds, que nunca enfrentou um problema dessa magnitude. Passados cinco meses das primeiras interna\u00e7\u00f5es por &hellip;<\/p>\n","protected":false},"author":1,"featured_media":8629,"comment_status":"open","ping_status":"open","sticky":false,"template":"","format":"standard","meta":{"_jetpack_newsletter_access":"","_jetpack_dont_email_post_to_subs":false,"_jetpack_newsletter_tier_id":0,"_jetpack_memberships_contains_paywalled_content":false,"_jetpack_memberships_contains_paid_content":false,"footnotes":""},"categories":[1],"tags":[],"class_list":["post-8628","post","type-post","status-publish","format-standard","has-post-thumbnail","hentry","category-destaque"],"jetpack_sharing_enabled":true,"jetpack_featured_media_url":"","_links":{"self":[{"href":"https:\/\/www.oparanews.com.br\/index.php\/wp-json\/wp\/v2\/posts\/8628","targetHints":{"allow":["GET"]}}],"collection":[{"href":"https:\/\/www.oparanews.com.br\/index.php\/wp-json\/wp\/v2\/posts"}],"about":[{"href":"https:\/\/www.oparanews.com.br\/index.php\/wp-json\/wp\/v2\/types\/post"}],"author":[{"embeddable":true,"href":"https:\/\/www.oparanews.com.br\/index.php\/wp-json\/wp\/v2\/users\/1"}],"replies":[{"embeddable":true,"href":"https:\/\/www.oparanews.com.br\/index.php\/wp-json\/wp\/v2\/comments?post=8628"}],"version-history":[{"count":0,"href":"https:\/\/www.oparanews.com.br\/index.php\/wp-json\/wp\/v2\/posts\/8628\/revisions"}],"wp:attachment":[{"href":"https:\/\/www.oparanews.com.br\/index.php\/wp-json\/wp\/v2\/media?parent=8628"}],"wp:term":[{"taxonomy":"category","embeddable":true,"href":"https:\/\/www.oparanews.com.br\/index.php\/wp-json\/wp\/v2\/categories?post=8628"},{"taxonomy":"post_tag","embeddable":true,"href":"https:\/\/www.oparanews.com.br\/index.php\/wp-json\/wp\/v2\/tags?post=8628"}],"curies":[{"name":"wp","href":"https:\/\/api.w.org\/{rel}","templated":true}]}}