{"id":8634,"date":"2020-08-10T13:30:23","date_gmt":"2020-08-10T13:30:23","guid":{"rendered":"https:\/\/oparanews.com.br\/?p=8634"},"modified":"2020-08-10T13:30:23","modified_gmt":"2020-08-10T13:30:23","slug":"secretario-municipal-de-penedo-presta-contas-aos-vereadores","status":"publish","type":"post","link":"https:\/\/www.oparanews.com.br\/index.php\/2020\/08\/10\/secretario-municipal-de-penedo-presta-contas-aos-vereadores\/","title":{"rendered":"Secret\u00e1rio Municipal de Penedo presta contas aos vereadores"},"content":{"rendered":"<p>O Secret\u00e1rio de Sa\u00fade Marcos Beltr\u00e3o prestou contas na C\u00e2mara Municipal de Penedo (CMP) durante reuni\u00e3o realizada por meio de videoconfer\u00eancia na \u00faltima quinta-feira, 06 de agosto, trabalho do Poder Legislativo penedense transmitido em tempo real na p\u00e1gina da CMP no Facebook.<\/p>\n<p>O gestor da pasta agradeceu a oportunidade de apresentar esclarecimentos, desculpando-se pela demora no envio das informa\u00e7\u00f5es solicitadas e a impossibilidade de comparecimento na sess\u00e3o anterior.<\/p>\n<p>Antes das interven\u00e7\u00f5es dos edis, Marcos Beltr\u00e3o apresentou os dados previamente requeridos pelo Vereador Fagner Matias, autor do convite ao secret\u00e1rio municipal para a videoconfer\u00eancia realizada com momentos de instabilidade em fun\u00e7\u00e3o de quedas no sinal da Internet, problema que prejudicou a participa\u00e7\u00e3o dos edis no plen\u00e1rio virtual.<\/p>\n<p><strong>Barreiras Sanit\u00e1rias<\/strong><\/p>\n<p>Durante quatro meses de funcionamento, as barreiras sanit\u00e1rias impediram a entrada de 38.600 pessoas em Penedo, por conta das restri\u00e7\u00f5es decorrentes da situa\u00e7\u00e3o de emerg\u00eancia. Mais 135 tamb\u00e9m foram barradas nos pontos de controle por apresentarem estado febril, um dos sintomas de cont\u00e1gio por Covid-19.<\/p>\n<p>Nesse mesmo per\u00edodo, cerca de 560 mil pessoas passaram nas barreiras, saindo de Penedo, em sua grande maioria moradores da cidade que tem a menor taxa de mortalidade por Covid-19 em Alagoas, conforme comparativo que considera a propor\u00e7\u00e3o entre a popula\u00e7\u00e3o e o n\u00famero de \u00f3bitos de cada um dos 102 munic\u00edpios alagoanos.<\/p>\n<p><strong>Unidade de S\u00edndrome Gripais<\/strong><\/p>\n<p>O centro de triagem inaugurado em 26 de junho j\u00e1 atendeu mais de quatro mil penedenses, segundo o Secret\u00e1rio Municipal de Sa\u00fade, sendo que 1.439 fizeram teste r\u00e1pido para identifica\u00e7\u00e3o de cont\u00e1gio por Covid-19 at\u00e9 a quarta-feira, 05.<\/p>\n<p>Desse total, 774 acusaram positivo e 665 tiveram resultado negativo. Os demais pacientes n\u00e3o precisaram ser submetidos ao teste r\u00e1pido porque a avalia\u00e7\u00e3o cl\u00ednica dos profissionais de sa\u00fade identificou outras causas para os problemas apresentados.<\/p>\n<p>Marcos Beltr\u00e3o informou que h\u00e1 testes r\u00e1pidos em estoque e que, em breve, o munic\u00edpio ofertar\u00e1 um teste de efic\u00e1cia mais alta, exame que ser\u00e1 feito no laborat\u00f3rio municipal em escala que permitir\u00e1 inclusive a venda do servi\u00e7o, por meio do Conisul.<\/p>\n<p>J\u00e1 em rela\u00e7\u00e3o ao tratamento da doen\u00e7a, dez mil kits de medicamentos (azitromicina e ivermectina) prescritos para a primeira fase foram adquiridos, com economia aos cofres p\u00fablicos, segundo o gestor da SEMS.<\/p>\n<p>Antes da pandemia, um comprimido de ivermectina era adquirido por R$ 0,25 centavos e um comprimido de azitromicina custava R$ 0,48 centavos. Com o aumento da procura, as empresas fornecedoras informaram desist\u00eancia de manter o contrato com o Conisul.<\/p>\n<p>Apesar disso, a Prefeitura de Penedo conseguiu comprar, ainda por meio do cons\u00f3rcio, uma unidade de azitromicina por R$ 1,98 e uma de ivermectina por dois reais. No mercado atual, um comprimido de azitromicina \u00e9 vendido por seis reais, enquanto que uma unidade de ivermectina varia entre seis e sete reais.<\/p>\n<p><strong>Semep<\/strong><\/p>\n<p>Em rela\u00e7\u00e3o ao antigo hospital Semep, o representante do governo municipal explicou os motivos que justificam o investimento realizado com recursos para o combate \u00e0 Covid-19.<\/p>\n<p>Em obras, o pr\u00e9dio que deve ser entregue em at\u00e9 30 dias \u2013 prazo da empresa realizadora dos servi\u00e7os \u2013 \u00e9 objeto de comodato entre a Prefeitura de Penedo e a cooperativa Sicred, sendo a proposta de compra no valor de um milh\u00e3o e duzentos mil reais para o im\u00f3vel avaliado em dois milh\u00f5es e oitocentos mil reais.<\/p>\n<p>Caso venha a ser incorporado ao patrim\u00f4nio p\u00fablico municipal, al\u00e9m da oferta de servi\u00e7os na \u00e1rea de sa\u00fade, o local com amplo terreno dispon\u00edvel e cerca de 2.500 m\u00b2 de \u00e1rea constru\u00edda, distribu\u00edda em tr\u00eas blocos separados, abrigar\u00e1 reparti\u00e7\u00f5es p\u00fablicas, a sede da Secretaria Municipal de Sa\u00fade (SEMS), gerando economia com a redu\u00e7\u00e3o do aluguel de im\u00f3veis por parte da prefeitura.<\/p>\n<p>Outro ponto abordado diz respeito \u00e0 transfer\u00eancia da Unidade de Refer\u00eancia em S\u00edndromes Gripais para o antigo Semep com objetivo de esvaziar o espa\u00e7o em condi\u00e7\u00f5es de ser reutilizado como unidade de ensino, assim que for poss\u00edvel o retorno das aulas presenciais.<\/p>\n<p><strong>Recursos<\/strong><\/p>\n<p>Dos repasses feitos ao munic\u00edpio para a\u00e7\u00f5es de enfrentamento da pandemia, cerca de um milh\u00e3o e setecentos mil reais, 812 mil ainda n\u00e3o foram utilizados, informa Marcos Beltr\u00e3o. Questionado sobre a compensa\u00e7\u00e3o financeira a ser repassada pela Uni\u00e3o, como forma de minimizar as perdas de recursos das prefeituras, Penedo ainda n\u00e3o recebeu sua cota.<\/p>\n<p>O gestor da SEMS disse que h\u00e1 munic\u00edpios que j\u00e1 receberam a cota completa do governo federal, outros s\u00f3 parte do valor e mais um quantitativo de prefeituras ainda n\u00e3o tem o valor em conta, inclusive a de Penedo.<\/p>\n<p>A previs\u00e3o \u00e9 que o repasse ocorra no pr\u00f3ximo dia 20, informa Marcos Beltr\u00e3o, frisando que se a compensa\u00e7\u00e3o n\u00e3o ocorrer, n\u00e3o ser\u00e1 poss\u00edvel pagar o adicional de gratifica\u00e7\u00e3o aos servidores que est\u00e3o na linha de frente de combate \u00e0 Covid-19.<\/p>\n<p>Marcos Beltr\u00e3o informou ainda que haver\u00e1 interven\u00e7\u00f5es nos postos de sa\u00fade, com prioridade para as unidades com maior necessidade de servi\u00e7os; destacou os benef\u00edcios do programa Melhor Em Casa e agradeceu a oportunidade de prestar esclarecimentos, parabenizando os vereadores pela aten\u00e7\u00e3o em rela\u00e7\u00e3o aos problemas da popula\u00e7\u00e3o, assim como pelo apoio aos projetos de promo\u00e7\u00e3o do desenvolvimento do munic\u00edpio.<\/p>\n<p><strong>Cobran\u00e7as<\/strong><\/p>\n<p>Autor do convite ao Secret\u00e1rio Municipal de Sa\u00fade, o Vereador Fagner Matias aproveitou a oportunidade para reivindicar a capina\u00e7\u00e3o do entorno do posto de sa\u00fade do povoado Tabuleiro dos Negros e a retomada do funcionamento da unidade de sa\u00fade que funcionava no Complexo Esportivo e Educacional Dr Alcides Andrade, o antigo Gin\u00e1sio do Sesi.<\/p>\n<p>Como indica\u00e7\u00e3o, Fagner Matias prop\u00f4s que os professores da rede municipal, efetivos e contratados, recebam notebooks da administra\u00e7\u00e3o, equipamento que permitir\u00e1 melhor aproveitamentos dos educadores no sistema de aulas remotas.<\/p>\n<p>A Vereadora Raquel Tavares tamb\u00e9m refor\u00e7ou solicita\u00e7\u00e3o feita por meio de requerimento, para solu\u00e7\u00e3o dos problemas causados por morcegos no posto de sa\u00fade da Prosperidade. Marcos Beltr\u00e3o informou que os servi\u00e7os dever\u00e3o come\u00e7ar no in\u00edcio de setembro.<\/p>\n<p>Raquel tamb\u00e9m falou sobre a realiza\u00e7\u00e3o de testes r\u00e1pidos em condutores e cobradores que trabalham no transporte intermunicipal e da necessidade de maior fiscaliza\u00e7\u00e3o sobre o uso de m\u00e1scara nas feiras livres de Penedo e nos bairros Dom Constantino e Santa Luzia, os que registram o maior n\u00famero de casos confirmados de cont\u00e1gio por Covid-19.<\/p>\n<p><strong>Ordem do Dia<\/strong><\/p>\n<p>Ap\u00f3s a participa\u00e7\u00e3o do representante da Prefeitura de Penedo na sess\u00e3o, os vereadores passaram para a Ordem do Dia. Ap\u00f3s apresenta\u00e7\u00e3o de parecer favor\u00e1vel pelas comiss\u00f5es permanentes da CMP, dois Projetos de Lei foram aprovados.<\/p>\n<p>Por decis\u00e3o un\u00e2nime, a administra\u00e7\u00e3o municipal deve criar uma p\u00e1gina exclusiva, no seu Portal da Transpar\u00eancia, com informa\u00e7\u00f5es sobre o uso de recursos do precat\u00f3rio do Fundeb, mat\u00e9ria de autoria do Vereador Nelsinho (Ant\u00f4nio N\u00e9lson Oliveira de Azevedo Filho).<\/p>\n<p>De autoria do Vereador Ernande Pinheiro, o antigo Semep passar\u00e1 a ser identificado com o nome do m\u00e9dico penedense Celso Tavares, falecido em 09 de fevereiro, em Macei\u00f3. Doutor em Ci\u00eancias pela FioCruz e Mestre em Sa\u00fade P\u00fablica pela USP, Celso Tavares era especialista em infectologia e professor aposentado da Ufal.<\/p>\n<p>J\u00e1 o Vereador e Vice-Presidente da CMP, Rog\u00e9rio dos Peixotos (Rog\u00e9rio Jos\u00e9 da Silva) apresentou Decreto Legislativo que concede o t\u00edtulo de cidad\u00e3o penedense honor\u00e1rio ao professor \u00c1lvaro Queiroz, que leciona Hist\u00f3ria no Ifal Penedo.<\/p>\n<p>O homenageado tamb\u00e9m \u00e9 escritor, historiador, te\u00f3logo e pesquisador, conforme destacou o parlamentar que requereu a instala\u00e7\u00e3o de redutores de velocidade, atendendo pedido dos moradores, para a rua situada entre os conjuntos Cidade do Povo e Mata Atl\u00e2ntica.<\/p>\n<p>&nbsp;<\/p>\n<p><strong>Fonte: Ascom CMP por Fernando Vin\u00edcius<\/strong><\/p>\n<p>&nbsp;<\/p>\n","protected":false},"excerpt":{"rendered":"<p>O Secret\u00e1rio de Sa\u00fade Marcos Beltr\u00e3o prestou contas na C\u00e2mara Municipal de Penedo (CMP) durante reuni\u00e3o realizada por meio de videoconfer\u00eancia na \u00faltima quinta-feira, 06 de agosto, trabalho do Poder Legislativo penedense transmitido em tempo real na p\u00e1gina da CMP no Facebook. O gestor da pasta agradeceu a oportunidade de apresentar esclarecimentos, desculpando-se pela demora &hellip;<\/p>\n","protected":false},"author":1,"featured_media":8635,"comment_status":"open","ping_status":"open","sticky":false,"template":"","format":"standard","meta":{"_jetpack_newsletter_access":"","_jetpack_dont_email_post_to_subs":false,"_jetpack_newsletter_tier_id":0,"_jetpack_memberships_contains_paywalled_content":false,"_jetpack_memberships_contains_paid_content":false,"footnotes":""},"categories":[1],"tags":[],"class_list":["post-8634","post","type-post","status-publish","format-standard","has-post-thumbnail","hentry","category-destaque"],"jetpack_sharing_enabled":true,"jetpack_featured_media_url":"","_links":{"self":[{"href":"https:\/\/www.oparanews.com.br\/index.php\/wp-json\/wp\/v2\/posts\/8634","targetHints":{"allow":["GET"]}}],"collection":[{"href":"https:\/\/www.oparanews.com.br\/index.php\/wp-json\/wp\/v2\/posts"}],"about":[{"href":"https:\/\/www.oparanews.com.br\/index.php\/wp-json\/wp\/v2\/types\/post"}],"author":[{"embeddable":true,"href":"https:\/\/www.oparanews.com.br\/index.php\/wp-json\/wp\/v2\/users\/1"}],"replies":[{"embeddable":true,"href":"https:\/\/www.oparanews.com.br\/index.php\/wp-json\/wp\/v2\/comments?post=8634"}],"version-history":[{"count":0,"href":"https:\/\/www.oparanews.com.br\/index.php\/wp-json\/wp\/v2\/posts\/8634\/revisions"}],"wp:attachment":[{"href":"https:\/\/www.oparanews.com.br\/index.php\/wp-json\/wp\/v2\/media?parent=8634"}],"wp:term":[{"taxonomy":"category","embeddable":true,"href":"https:\/\/www.oparanews.com.br\/index.php\/wp-json\/wp\/v2\/categories?post=8634"},{"taxonomy":"post_tag","embeddable":true,"href":"https:\/\/www.oparanews.com.br\/index.php\/wp-json\/wp\/v2\/tags?post=8634"}],"curies":[{"name":"wp","href":"https:\/\/api.w.org\/{rel}","templated":true}]}}