{"id":8651,"date":"2020-08-11T02:11:54","date_gmt":"2020-08-11T02:11:54","guid":{"rendered":"https:\/\/oparanews.com.br\/?p=8651"},"modified":"2020-08-11T02:11:54","modified_gmt":"2020-08-11T02:11:54","slug":"pesquisadores-da-ufal-indicam-descontrole-da-transmissao-em-arapiraca","status":"publish","type":"post","link":"https:\/\/www.oparanews.com.br\/index.php\/2020\/08\/11\/pesquisadores-da-ufal-indicam-descontrole-da-transmissao-em-arapiraca\/","title":{"rendered":"Pesquisadores da Ufal indicam descontrole da transmiss\u00e3o em Arapiraca"},"content":{"rendered":"<p>O munic\u00edpio de Arapiraca, no Agreste de Alagoas, registrou um aumento de 80% de casos confirmados e de 31% de mortes por Covid-19 no per\u00edodo de uma semana. A informa\u00e7\u00e3o \u00e9 do Observat\u00f3rio Alagoano de Pol\u00edticas P\u00fablicas para o Enfrentamento da Covid-19, da Universidade Federal de Alagoas (Ufa), e foi divulgada nesta segunda-feira (10).<\/p>\n<p>O levantamento compara dados da 32\u00aa semana epidemiol\u00f3gica de 2 a 8 de agosto com os dados da 31\u00aa semana epidemiol\u00f3gica (per\u00edodo de domingo a s\u00e1bado).<\/p>\n<p>De acordo com o estudo, os casos de Covid-19 registrados em Arapiraca na 32\u00aa semana epidemiol\u00f3gica representam quase a metade (46%) de todos os casos notificados em Alagoas na mesma semana.<\/p>\n<p><strong>Queda em Alagoas<\/strong><\/p>\n<p>No balan\u00e7o total, Alagoas registrou redu\u00e7\u00e3o no n\u00famero de novos casos nas \u00faltimas duas semanas, segundo o mesmo levantamento. O estado continua mantendo a tend\u00eancia de queda nos \u00f3bitos. A redu\u00e7\u00e3o foi de 12% na \u00faltima semana na compara\u00e7\u00e3o com a anterior.<\/p>\n<p>A maioria dos 102 munic\u00edpios segue essa tend\u00eancia de queda. Entre os que registram alta, o estudo pede aten\u00e7\u00e3o especial a Arapiraca e Macei\u00f3.<\/p>\n<p><strong>Macei\u00f3<\/strong><\/p>\n<p>De acordo com o estudo do Observat\u00f3rio, a capital registrou diminui\u00e7\u00e3o de 33% no n\u00famero de novos casos, mas o n\u00famero de mortes subiu 23%, passando de 30 na 31\u00aa semana epidemiol\u00f3gica para 37 \u00f3bitos na 32\u00aa semana.<\/p>\n<p>Na an\u00e1lise, os pesquisadores explicam que &#8220;apesar do n\u00famero de novos \u00f3bitos estar diminuindo h\u00e1 cinco semanas, a limitada pol\u00edtica de testagem e a demora para libera\u00e7\u00e3o dos exames dificultam a compreens\u00e3o se isso efetivamente representa uma tend\u00eancia real de aumento ou uma varia\u00e7\u00e3o populacional em torno de uma m\u00e9dia.<\/p>\n<p><strong>Ocupa\u00e7\u00e3o de leitos<\/strong><\/p>\n<p>O estudo tamb\u00e9m alerta para a ocupa\u00e7\u00e3o de leitos em Arapiraca, que tem n\u00famero insuficiente, na avalia\u00e7\u00e3o dos pesquisadores da Ufal.<\/p>\n<p>&#8220;Uma ressalva entre as localidades analisadas \u00e9 Arapiraca, sede da 7\u00aa Regi\u00e3o de Sa\u00fade, que como discutido anteriormente ainda apresenta um descontrole na transmiss\u00e3o do novo Coronav\u00edrus, apresentando uma taxa de ocupa\u00e7\u00e3o de 72% dos leitos de UTI&#8221;, diz trecho do levantamento.<\/p>\n<p>&nbsp;<\/p>\n<p><strong>Fonte: G1\/AL<\/strong><\/p>\n<p>&nbsp;<\/p>\n","protected":false},"excerpt":{"rendered":"<p>O munic\u00edpio de Arapiraca, no Agreste de Alagoas, registrou um aumento de 80% de casos confirmados e de 31% de mortes por Covid-19 no per\u00edodo de uma semana. A informa\u00e7\u00e3o \u00e9 do Observat\u00f3rio Alagoano de Pol\u00edticas P\u00fablicas para o Enfrentamento da Covid-19, da Universidade Federal de Alagoas (Ufa), e foi divulgada nesta segunda-feira (10). O &hellip;<\/p>\n","protected":false},"author":1,"featured_media":8652,"comment_status":"open","ping_status":"open","sticky":false,"template":"","format":"standard","meta":{"_jetpack_newsletter_access":"","_jetpack_dont_email_post_to_subs":false,"_jetpack_newsletter_tier_id":0,"_jetpack_memberships_contains_paywalled_content":false,"_jetpack_memberships_contains_paid_content":false,"footnotes":""},"categories":[1],"tags":[],"class_list":["post-8651","post","type-post","status-publish","format-standard","has-post-thumbnail","hentry","category-destaque"],"jetpack_sharing_enabled":true,"jetpack_featured_media_url":"","_links":{"self":[{"href":"https:\/\/www.oparanews.com.br\/index.php\/wp-json\/wp\/v2\/posts\/8651","targetHints":{"allow":["GET"]}}],"collection":[{"href":"https:\/\/www.oparanews.com.br\/index.php\/wp-json\/wp\/v2\/posts"}],"about":[{"href":"https:\/\/www.oparanews.com.br\/index.php\/wp-json\/wp\/v2\/types\/post"}],"author":[{"embeddable":true,"href":"https:\/\/www.oparanews.com.br\/index.php\/wp-json\/wp\/v2\/users\/1"}],"replies":[{"embeddable":true,"href":"https:\/\/www.oparanews.com.br\/index.php\/wp-json\/wp\/v2\/comments?post=8651"}],"version-history":[{"count":0,"href":"https:\/\/www.oparanews.com.br\/index.php\/wp-json\/wp\/v2\/posts\/8651\/revisions"}],"wp:attachment":[{"href":"https:\/\/www.oparanews.com.br\/index.php\/wp-json\/wp\/v2\/media?parent=8651"}],"wp:term":[{"taxonomy":"category","embeddable":true,"href":"https:\/\/www.oparanews.com.br\/index.php\/wp-json\/wp\/v2\/categories?post=8651"},{"taxonomy":"post_tag","embeddable":true,"href":"https:\/\/www.oparanews.com.br\/index.php\/wp-json\/wp\/v2\/tags?post=8651"}],"curies":[{"name":"wp","href":"https:\/\/api.w.org\/{rel}","templated":true}]}}