{"id":8654,"date":"2020-08-11T02:14:16","date_gmt":"2020-08-11T02:14:16","guid":{"rendered":"https:\/\/oparanews.com.br\/?p=8654"},"modified":"2020-08-11T02:14:16","modified_gmt":"2020-08-11T02:14:16","slug":"prefeitura-de-penedo-publica-protocolo-sanitario-para-retomada-de-atividades-do-setor-produtivo","status":"publish","type":"post","link":"https:\/\/www.oparanews.com.br\/index.php\/2020\/08\/11\/prefeitura-de-penedo-publica-protocolo-sanitario-para-retomada-de-atividades-do-setor-produtivo\/","title":{"rendered":"Prefeitura de Penedo publica protocolo sanit\u00e1rio para retomada de atividades do setor produtivo"},"content":{"rendered":"<p>A Prefeitura de Penedo publicou nesta Segunda-Feira (10), uma portaria conjunta do Comit\u00ea de Gerenciamento de Impactos Econ\u00f4micos da Crise Relacionada \u00e0 Covid-19, abordando o Protocolo Sanit\u00e1rio para as atividades do setor produtivo no \u00e2mbito municipal.<\/p>\n<p>De acordo com a Portaria conjunta 002\/2020, as academias e Centro de Sa\u00fade e treinamento passam a integrar a fase laranja no protocolo estabelecido na portaria conjunta 001\/2020, lembrando que todo o munic\u00edpio j\u00e1 se encontrava na denominada Fase Laranja, do Plano de Distanciamento Social Controlado.<\/p>\n<p>De acordo com a portaria 002, academias, clubes, centros de sa\u00fade, gin\u00e1stica e treinamento passam a integrar a fase laranja, podendo reabrir, por\u00e9m seguindo as regras contidas no documento.<\/p>\n<p>O documento tamb\u00e9m aborda as regras para o funcionamento de farm\u00e1cias, sal\u00e3o de beleza e barbearia, \u00f3ticas, hot\u00e9is e pousadas e lanchonetes.<\/p>\n<p>Uma das normas estabelece o n\u00famero de clientes permitidos nas academias e similares, sendo oito alunos por turma. Em casa turma os alunos poder\u00e3o permanecer dentro do local pelo tempo m\u00e1ximo de 60 minutos.<\/p>\n<p>Al\u00e9m disso tamb\u00e9m ser\u00e1 necess\u00e1rio obedecer a distancia m\u00ednima entre os alunos, assim como a higieniza\u00e7\u00e3o dos aparelhos e o uso de \u00e1lcool em gel por parte dos clientes.<\/p>\n<p>De acordo com o documento, o desrespeito a qualquer uma das normas, importar\u00e1 na suspens\u00e3o imediata do alvar\u00e1 de funcionamento do estabelecimento infrator. Estando previsto o acionamento das for\u00e7as policiais para apura\u00e7\u00e3o do crime previsto no art. 268 do C\u00f3digo Penal.<\/p>\n<p>A portaria pode ser acessada por meio do seguinte <a href=\"https:\/\/io.org.br\/al\/penedo\/prefeitura\/diarioOficial\/download\/11064\/1460\/629593EB88CDF7B1F38EAE214D54FA9788A61546\"><strong>link<\/strong><\/a>.<\/p>\n<p>&nbsp;<\/p>\n<p><strong>por Thiago Sobral &#8211; Decom (PMP)<\/strong><\/p>\n<p>&nbsp;<\/p>\n","protected":false},"excerpt":{"rendered":"<p>A Prefeitura de Penedo publicou nesta Segunda-Feira (10), uma portaria conjunta do Comit\u00ea de Gerenciamento de Impactos Econ\u00f4micos da Crise Relacionada \u00e0 Covid-19, abordando o Protocolo Sanit\u00e1rio para as atividades do setor produtivo no \u00e2mbito municipal. De acordo com a Portaria conjunta 002\/2020, as academias e Centro de Sa\u00fade e treinamento passam a integrar a &hellip;<\/p>\n","protected":false},"author":1,"featured_media":8655,"comment_status":"open","ping_status":"open","sticky":false,"template":"","format":"standard","meta":{"_jetpack_newsletter_access":"","_jetpack_dont_email_post_to_subs":false,"_jetpack_newsletter_tier_id":0,"_jetpack_memberships_contains_paywalled_content":false,"_jetpack_memberships_contains_paid_content":false,"footnotes":""},"categories":[1],"tags":[],"class_list":["post-8654","post","type-post","status-publish","format-standard","has-post-thumbnail","hentry","category-destaque"],"jetpack_sharing_enabled":true,"jetpack_featured_media_url":"","_links":{"self":[{"href":"https:\/\/www.oparanews.com.br\/index.php\/wp-json\/wp\/v2\/posts\/8654","targetHints":{"allow":["GET"]}}],"collection":[{"href":"https:\/\/www.oparanews.com.br\/index.php\/wp-json\/wp\/v2\/posts"}],"about":[{"href":"https:\/\/www.oparanews.com.br\/index.php\/wp-json\/wp\/v2\/types\/post"}],"author":[{"embeddable":true,"href":"https:\/\/www.oparanews.com.br\/index.php\/wp-json\/wp\/v2\/users\/1"}],"replies":[{"embeddable":true,"href":"https:\/\/www.oparanews.com.br\/index.php\/wp-json\/wp\/v2\/comments?post=8654"}],"version-history":[{"count":0,"href":"https:\/\/www.oparanews.com.br\/index.php\/wp-json\/wp\/v2\/posts\/8654\/revisions"}],"wp:attachment":[{"href":"https:\/\/www.oparanews.com.br\/index.php\/wp-json\/wp\/v2\/media?parent=8654"}],"wp:term":[{"taxonomy":"category","embeddable":true,"href":"https:\/\/www.oparanews.com.br\/index.php\/wp-json\/wp\/v2\/categories?post=8654"},{"taxonomy":"post_tag","embeddable":true,"href":"https:\/\/www.oparanews.com.br\/index.php\/wp-json\/wp\/v2\/tags?post=8654"}],"curies":[{"name":"wp","href":"https:\/\/api.w.org\/{rel}","templated":true}]}}