{"id":8657,"date":"2020-08-11T02:19:17","date_gmt":"2020-08-11T02:19:17","guid":{"rendered":"https:\/\/oparanews.com.br\/?p=8657"},"modified":"2020-08-11T02:19:17","modified_gmt":"2020-08-11T02:19:17","slug":"cbf-atualiza-tabela-da-copa-do-brasil","status":"publish","type":"post","link":"https:\/\/www.oparanews.com.br\/index.php\/2020\/08\/11\/cbf-atualiza-tabela-da-copa-do-brasil\/","title":{"rendered":"CBF atualiza tabela da Copa do Brasil"},"content":{"rendered":"<p>A CBF publicou nesta segunda-feira a tabela atualizada da terceira fase da Copa do Brasil. A bola volta a rolar pela competi\u00e7\u00e3o nacional no dia 25 de agosto, uma ter\u00e7a-feira. Entre os jogos desse dia est\u00e1 o Fluminense x Figueirense, no Maracan\u00e3.<\/p>\n<p>No jogo de ida, o tricolor perdeu por 1 a 0, em Santa Catarina, e precisa vencer por dois gols de diferen\u00e7a para avan\u00e7ar.<\/p>\n<p>O Vasco vai jogar na quarta-feira, dia 26, e tamb\u00e9m saiu em desvantagem no jogo de ida, levando 1 a 0 do Goi\u00e1s em S\u00e3o Janu\u00e1rio. Agora, precisa reverter para alcan\u00e7ar a quarta fase.<\/p>\n<p>O Botafogo tamb\u00e9m entrar\u00e1 em campo no dia 26, mas \u00e9 quem est\u00e1 em situa\u00e7\u00e3o mais tranquila entre os cariocas, j\u00e1 que venceu o Paran\u00e1 pelo mesmo placar magro: 1 a 0. Um empate classifica o alvinegro.<\/p>\n<p>Tabela atualizada<\/p>\n<p>25\/8 (ter\u00e7a-feira)<\/p>\n<p>16h &#8211; Afogados x Ponte Preta (Vian\u00e3o)<\/p>\n<p>19h &#8211; Am\u00e9rica-MG x Ferrovi\u00e1ria-SP (Independ\u00eancia)<\/p>\n<p>21h30 &#8211; Fluminense x Figueirense (Maracan\u00e3)<\/p>\n<p>26\/8 (quarta-feira)<\/p>\n<p>16h &#8211; CRB-AL x Cruzeiro (Rei Pel\u00e9)<\/p>\n<p>16h &#8211; Am\u00e9rica-RN x Juventude (Arena das Dunas)<\/p>\n<p>19h &#8211; Paran\u00e1 x Botafogo (Durival de Brito)<\/p>\n<p>21h30 &#8211; Vit\u00f3ria x Cear\u00e1 (Barrad\u00e3o)<\/p>\n<p>21h30 &#8211; Goi\u00e1s x Vasco (Serrinha)<\/p>\n<p>27\/8 (quinta-feira)<\/p>\n<p>19h &#8211; Brusque x Brasil de Pelotas (Augusto Bauer)<\/p>\n<p>21h30 &#8211; S\u00e3o Jos\u00e9 x Atl\u00e9tico-GO (Francisco Novelletto)<\/p>\n<p>&nbsp;<\/p>\n<p><strong>Fonte: Extra<\/strong><\/p>\n<p>&nbsp;<\/p>\n","protected":false},"excerpt":{"rendered":"<p>A CBF publicou nesta segunda-feira a tabela atualizada da terceira fase da Copa do Brasil. A bola volta a rolar pela competi\u00e7\u00e3o nacional no dia 25 de agosto, uma ter\u00e7a-feira. Entre os jogos desse dia est\u00e1 o Fluminense x Figueirense, no Maracan\u00e3. No jogo de ida, o tricolor perdeu por 1 a 0, em Santa &hellip;<\/p>\n","protected":false},"author":1,"featured_media":8658,"comment_status":"open","ping_status":"open","sticky":false,"template":"","format":"standard","meta":{"_jetpack_newsletter_access":"","_jetpack_dont_email_post_to_subs":false,"_jetpack_newsletter_tier_id":0,"_jetpack_memberships_contains_paywalled_content":false,"_jetpack_memberships_contains_paid_content":false,"footnotes":""},"categories":[1],"tags":[],"class_list":["post-8657","post","type-post","status-publish","format-standard","has-post-thumbnail","hentry","category-destaque"],"jetpack_sharing_enabled":true,"jetpack_featured_media_url":"","_links":{"self":[{"href":"https:\/\/www.oparanews.com.br\/index.php\/wp-json\/wp\/v2\/posts\/8657","targetHints":{"allow":["GET"]}}],"collection":[{"href":"https:\/\/www.oparanews.com.br\/index.php\/wp-json\/wp\/v2\/posts"}],"about":[{"href":"https:\/\/www.oparanews.com.br\/index.php\/wp-json\/wp\/v2\/types\/post"}],"author":[{"embeddable":true,"href":"https:\/\/www.oparanews.com.br\/index.php\/wp-json\/wp\/v2\/users\/1"}],"replies":[{"embeddable":true,"href":"https:\/\/www.oparanews.com.br\/index.php\/wp-json\/wp\/v2\/comments?post=8657"}],"version-history":[{"count":0,"href":"https:\/\/www.oparanews.com.br\/index.php\/wp-json\/wp\/v2\/posts\/8657\/revisions"}],"wp:attachment":[{"href":"https:\/\/www.oparanews.com.br\/index.php\/wp-json\/wp\/v2\/media?parent=8657"}],"wp:term":[{"taxonomy":"category","embeddable":true,"href":"https:\/\/www.oparanews.com.br\/index.php\/wp-json\/wp\/v2\/categories?post=8657"},{"taxonomy":"post_tag","embeddable":true,"href":"https:\/\/www.oparanews.com.br\/index.php\/wp-json\/wp\/v2\/tags?post=8657"}],"curies":[{"name":"wp","href":"https:\/\/api.w.org\/{rel}","templated":true}]}}