{"id":8666,"date":"2020-08-11T19:24:54","date_gmt":"2020-08-11T19:24:54","guid":{"rendered":"https:\/\/oparanews.com.br\/?p=8666"},"modified":"2020-08-11T19:24:54","modified_gmt":"2020-08-11T19:24:54","slug":"russia-registra-a-primeira-vacina-mundial-covid-19","status":"publish","type":"post","link":"https:\/\/www.oparanews.com.br\/index.php\/2020\/08\/11\/russia-registra-a-primeira-vacina-mundial-covid-19\/","title":{"rendered":"R\u00fassia registra a primeira vacina mundial COVID-19"},"content":{"rendered":"<p>O presidente russo, Vladimir Putin, anunciou hoje, 11 de agosto, que Moscou registrou a primeira vacina COVID-19 do mundo.<\/p>\n<p>O ministro da sa\u00fade russo, Mikhail Murashko, afirmou que seu departamento encerrou os testes cl\u00ednicos da vacina, desenvolvida pelo Centro Nacional de Pesquisa de Epidemiologia e Microbiologia Gamaleya do Minist\u00e9rio da Sa\u00fade da R\u00fassia. Agora, o Kremlin afirma que come\u00e7ar\u00e1 o uso civil da vacina, sendo os profissionais da sa\u00fade e os professores os primeiros a serem imunizados.<\/p>\n<p>H\u00e1 d\u00favidas, no entanto, sobre a seguran\u00e7a e efic\u00e1cia da vacina, especialmente considerando que foi desenvolvida em uma na\u00e7\u00e3o isolada diplomaticamente como a R\u00fassia. Al\u00e9m disso, a vacina ainda n\u00e3o passou pelo est\u00e1gio tr\u00eas dos testes cl\u00ednicos, uma parte da fase de testes que administraria a vacina a humanos.<\/p>\n<p>A Organiza\u00e7\u00e3o Mundial da Sa\u00fade (OMS) recebeu a not\u00edcia da vacina russa com cautela, uma vez que a vacina russa n\u00e3o estava entre as seis que a OMS anunciou na \u00faltima semana estarem mais avan\u00e7adas. A OMS ressalta que dever\u00e1 seguir os tr\u00e2mites de pr\u00e9-qualifica\u00e7\u00e3o e revis\u00e3o definidos.<\/p>\n<p>O porta-voz da OMS, Tarik Jasarevic, disse em uma confer\u00eancia de imprensa que acelerar o progresso n\u00e3o deve significar comprometer a seguran\u00e7a, e afirmou que a organiza\u00e7\u00e3o est\u00e1 em contato com as autoridades russas e de outros pa\u00edses para analisar o progresso das diferentes investiga\u00e7\u00f5es em curso relativamente de vacinas.<\/p>\n<p>&nbsp;<\/p>\n<p><strong>Fonte: TASS. Russian News Agency. AUG 11, 2020.<\/strong><\/p>\n<p>&nbsp;<\/p>\n","protected":false},"excerpt":{"rendered":"<p>O presidente russo, Vladimir Putin, anunciou hoje, 11 de agosto, que Moscou registrou a primeira vacina COVID-19 do mundo. O ministro da sa\u00fade russo, Mikhail Murashko, afirmou que seu departamento encerrou os testes cl\u00ednicos da vacina, desenvolvida pelo Centro Nacional de Pesquisa de Epidemiologia e Microbiologia Gamaleya do Minist\u00e9rio da Sa\u00fade da R\u00fassia. Agora, o &hellip;<\/p>\n","protected":false},"author":1,"featured_media":8667,"comment_status":"open","ping_status":"open","sticky":false,"template":"","format":"standard","meta":{"_jetpack_newsletter_access":"","_jetpack_dont_email_post_to_subs":false,"_jetpack_newsletter_tier_id":0,"_jetpack_memberships_contains_paywalled_content":false,"_jetpack_memberships_contains_paid_content":false,"footnotes":""},"categories":[1],"tags":[],"class_list":["post-8666","post","type-post","status-publish","format-standard","has-post-thumbnail","hentry","category-destaque"],"jetpack_sharing_enabled":true,"jetpack_featured_media_url":"","_links":{"self":[{"href":"https:\/\/www.oparanews.com.br\/index.php\/wp-json\/wp\/v2\/posts\/8666","targetHints":{"allow":["GET"]}}],"collection":[{"href":"https:\/\/www.oparanews.com.br\/index.php\/wp-json\/wp\/v2\/posts"}],"about":[{"href":"https:\/\/www.oparanews.com.br\/index.php\/wp-json\/wp\/v2\/types\/post"}],"author":[{"embeddable":true,"href":"https:\/\/www.oparanews.com.br\/index.php\/wp-json\/wp\/v2\/users\/1"}],"replies":[{"embeddable":true,"href":"https:\/\/www.oparanews.com.br\/index.php\/wp-json\/wp\/v2\/comments?post=8666"}],"version-history":[{"count":0,"href":"https:\/\/www.oparanews.com.br\/index.php\/wp-json\/wp\/v2\/posts\/8666\/revisions"}],"wp:attachment":[{"href":"https:\/\/www.oparanews.com.br\/index.php\/wp-json\/wp\/v2\/media?parent=8666"}],"wp:term":[{"taxonomy":"category","embeddable":true,"href":"https:\/\/www.oparanews.com.br\/index.php\/wp-json\/wp\/v2\/categories?post=8666"},{"taxonomy":"post_tag","embeddable":true,"href":"https:\/\/www.oparanews.com.br\/index.php\/wp-json\/wp\/v2\/tags?post=8666"}],"curies":[{"name":"wp","href":"https:\/\/api.w.org\/{rel}","templated":true}]}}