{"id":8672,"date":"2020-08-11T19:33:22","date_gmt":"2020-08-11T19:33:22","guid":{"rendered":"https:\/\/oparanews.com.br\/?p=8672"},"modified":"2020-08-11T19:33:22","modified_gmt":"2020-08-11T19:33:22","slug":"alagoas-tem-68-935-casos-da-covid-19-e-1-700-obitos","status":"publish","type":"post","link":"https:\/\/www.oparanews.com.br\/index.php\/2020\/08\/11\/alagoas-tem-68-935-casos-da-covid-19-e-1-700-obitos\/","title":{"rendered":"Alagoas tem 68.935 casos da Covid-19 e 1.700 \u00f3bitos"},"content":{"rendered":"<p>O Boletim Epidemiol\u00f3gico desta ter\u00e7a-feira (11\/08) confirma mais 698 casos de Covid-19 em Alagoas. Dessa forma, o estado tem um total de 68.935 casos confirmados do novo coronav\u00edrus at\u00e9 o momento, dos quais 4.678 est\u00e3o em isolamento domiciliar e 176 internados em leitos p\u00fablicos e privados. Outros 62.379 pacientes j\u00e1 finalizaram o per\u00edodo de isolamento, n\u00e3o apresentam mais sintomas e, portanto, est\u00e3o recuperados da doen\u00e7a. H\u00e1 1.113 casos em investiga\u00e7\u00e3o laboratorial. Foram registradas mais 12 mortes em territ\u00f3rio alagoano. Com isso, Alagoas tem 1.700 \u00f3bitos por Covid-19.<\/p>\n<p>Leitos de Covid-19 do Estado \u2013 Dos 1.326 leitos criados pela Secretaria de Estado da Sa\u00fade (Sesau) para atender, exclusivamente, pacientes com suspeita e confirma\u00e7\u00e3o de infec\u00e7\u00e3o pelo novo coronav\u00edrus, 350 estavam ocupados at\u00e9 as 17h de segunda-feira (10\/08), o que corresponde a 26% do total. Atualmente, 131 pacientes est\u00e3o em leitos de UTI, 10 em leitos intermedi\u00e1rios e 209 em enfermaria. Para acompanhar a evolu\u00e7\u00e3o da ocupa\u00e7\u00e3o dos leitos exclusivos para Covid-19, acesse <a href=\"http:\/\/www.alagoascontraocoronavirus.com.br\/\">http:\/\/www.alagoascontraocoronavirus.com.br\/<\/a><\/p>\n<p>&nbsp;<\/p>\n<p><strong>Fonte: Ascom Sesau<\/strong><\/p>\n<p>&nbsp;<\/p>\n","protected":false},"excerpt":{"rendered":"<p>O Boletim Epidemiol\u00f3gico desta ter\u00e7a-feira (11\/08) confirma mais 698 casos de Covid-19 em Alagoas. Dessa forma, o estado tem um total de 68.935 casos confirmados do novo coronav\u00edrus at\u00e9 o momento, dos quais 4.678 est\u00e3o em isolamento domiciliar e 176 internados em leitos p\u00fablicos e privados. Outros 62.379 pacientes j\u00e1 finalizaram o per\u00edodo de isolamento, &hellip;<\/p>\n","protected":false},"author":1,"featured_media":8673,"comment_status":"open","ping_status":"open","sticky":false,"template":"","format":"standard","meta":{"_jetpack_newsletter_access":"","_jetpack_dont_email_post_to_subs":false,"_jetpack_newsletter_tier_id":0,"_jetpack_memberships_contains_paywalled_content":false,"_jetpack_memberships_contains_paid_content":false,"footnotes":""},"categories":[1],"tags":[],"class_list":["post-8672","post","type-post","status-publish","format-standard","has-post-thumbnail","hentry","category-destaque"],"jetpack_sharing_enabled":true,"jetpack_featured_media_url":"","_links":{"self":[{"href":"https:\/\/www.oparanews.com.br\/index.php\/wp-json\/wp\/v2\/posts\/8672","targetHints":{"allow":["GET"]}}],"collection":[{"href":"https:\/\/www.oparanews.com.br\/index.php\/wp-json\/wp\/v2\/posts"}],"about":[{"href":"https:\/\/www.oparanews.com.br\/index.php\/wp-json\/wp\/v2\/types\/post"}],"author":[{"embeddable":true,"href":"https:\/\/www.oparanews.com.br\/index.php\/wp-json\/wp\/v2\/users\/1"}],"replies":[{"embeddable":true,"href":"https:\/\/www.oparanews.com.br\/index.php\/wp-json\/wp\/v2\/comments?post=8672"}],"version-history":[{"count":0,"href":"https:\/\/www.oparanews.com.br\/index.php\/wp-json\/wp\/v2\/posts\/8672\/revisions"}],"wp:attachment":[{"href":"https:\/\/www.oparanews.com.br\/index.php\/wp-json\/wp\/v2\/media?parent=8672"}],"wp:term":[{"taxonomy":"category","embeddable":true,"href":"https:\/\/www.oparanews.com.br\/index.php\/wp-json\/wp\/v2\/categories?post=8672"},{"taxonomy":"post_tag","embeddable":true,"href":"https:\/\/www.oparanews.com.br\/index.php\/wp-json\/wp\/v2\/tags?post=8672"}],"curies":[{"name":"wp","href":"https:\/\/api.w.org\/{rel}","templated":true}]}}