{"id":8687,"date":"2020-08-12T01:24:48","date_gmt":"2020-08-12T01:24:48","guid":{"rendered":"https:\/\/oparanews.com.br\/?p=8687"},"modified":"2020-08-12T01:24:48","modified_gmt":"2020-08-12T01:24:48","slug":"governo-adia-volta-as-aulas-em-alagoas-e-avanca-maceio-para-fase-azul","status":"publish","type":"post","link":"https:\/\/www.oparanews.com.br\/index.php\/2020\/08\/12\/governo-adia-volta-as-aulas-em-alagoas-e-avanca-maceio-para-fase-azul\/","title":{"rendered":"Governo adia volta \u00e0s aulas em Alagoas e avan\u00e7a Macei\u00f3 para fase azul"},"content":{"rendered":"<p>Para dar prosseguimento a retomada econ\u00f4mica de Alagoas, o Governo do Estado permitiu que Macei\u00f3 avance para mais uma fase do plano de Distanciamento Social Controlado, saindo da etapa amarela (risco moderado) para a azul (risco moderado baixo). J\u00e1 os munic\u00edpios do m\u00e9dio e alto Sert\u00e3o do estado permanecem na fase laranja (risco moderado alto), enquanto as demais cidades passam para a fase amarela. A informa\u00e7\u00e3o foi divulgada durante live na noite desta ter\u00e7a (11), pelo governador Renan Filho (MDB). O novo decreto come\u00e7a a valer na pr\u00f3xima segunda (17).<\/p>\n<p>Apesar do avan\u00e7o da capital alagoana para a fase azul, o novo decreto mant\u00e9m as atividades de cinemas, museus e teatros suspensas. A abertura dos segmentos foi adiada para a etapa verde.<\/p>\n<p>A partir de agora, a capacidade de bares e restaurantes na capital foi ampliada para 75% do total, assim como a de templos, igrejas e demais institui\u00e7\u00f5es religiosas. Com a maioria dos munic\u00edpios na fase amarela, o Transporte Intermunicipal continua circulando com 50% da capacidade.<\/p>\n<p>Em rela\u00e7\u00e3o a volta \u00e0s aulas na Rede Estadual de Ensino, o governador Renan Filho explicou que as atividades presenciais ser\u00e3o retomadas quando houver seguran\u00e7a m\u00e1xima, tanto para os estudantes como para os professores. Al\u00e9m disso, uma pesquisa com pais, alunos e professores deve ser realizada para a tomada de uma decis\u00e3o coletiva.<\/p>\n<p>Renan Filho ainda refor\u00e7ou que a popula\u00e7\u00e3o deve continuar utilizando m\u00e1scaras e lembrou do projeto de lei envaido \u00e0 Assembleia Legislativa (ALE) para tornar obrigat\u00f3rio o uso do material em locais p\u00fablicos, com aplica\u00e7\u00e3o de multa para quem descumprir.<\/p>\n<p>&#8220;Estamos sim com diminui\u00e7\u00e3o de \u00f3bitos, estamos sim vencendo a Covid-19 aqui, mas com muito trabalho. [&#8230;] Se a gente relaxar, relaxar na nossa prote\u00e7\u00e3o individual, relaxar na prote\u00e7\u00e3o da nossa fam\u00edlia, do nosso bairro e da nossa cidade as coisas em Alagoas podem voltar a piorar&#8221;, disse o governador.<\/p>\n<p>Na live, o secret\u00e1rio da Secretaria de Estado da Sa\u00fade (Sesau), Alexandre Ayres, afirmou que os n\u00fameros v\u00eam se consolidando e mostrando uma queda na quantidade de \u00f3bitos, al\u00e9m de uma estabiliza\u00e7\u00e3o na taxa de ocupa\u00e7\u00e3o de leitos.<\/p>\n<p>&#8220;Com a colabora\u00e7\u00e3o da popula\u00e7\u00e3o durante todo esse per\u00edodo, nos entendemos como \u00e9 poss\u00edvel esses avan\u00e7os para que a gente possa retomar, de maneira gradual, a economia e os seguimentos econ\u00f4micos, para que a popula\u00e7\u00e3o possa voltar a realizar atividades que estavam anteriormente suspensas&#8221;, concluiu.<\/p>\n<p>DISTANCIAMENTO SOCIAL CONTROLADO<\/p>\n<p>O andamento da aplica\u00e7\u00e3o do Distanciamento Social Controlado em Alagoas ser\u00e1 orientado por uma Matriz de Risco. Para a passagem de uma fase para outra, tr\u00eas eixos estrat\u00e9gicos com seis aferidores servir\u00e3o como crit\u00e9rios para estabelecer a evolu\u00e7\u00e3o ou a involu\u00e7\u00e3o do plano: capacidade hospitalar instalada, evolu\u00e7\u00e3o dos \u00f3bitos e taxa de crescimento.<\/p>\n<p>J\u00e1 o Distanciamento Social Controlado foi dividido em cinco fases distintas: vermelha (risco elevado), laranja (risco moderado alto), amarela (risco moderado), azul (risco moderado baixo) e verde (risco controlado).<\/p>\n<p>Os setores autorizados a funcionar em cada fase s\u00e3o:<\/p>\n<p>Fase laranja (iniciada no dia 3 de julho em Macei\u00f3; no dia 20 de julho nas regi\u00f5es Metropolitanas e Norte; e no dia 29 de julho em todo o interior de Alagoas ) &#8211; lojas do com\u00e9rcio de rua, com at\u00e9 400 metros quadrados; sal\u00f5es de beleza; barbearias e templos religiosos, com 30% da capacidade.<\/p>\n<p>Fase amarela (in\u00edcio no dia 20 de julho em Macei\u00f3) &#8211; shoppings centers e estabelecimentos cong\u00eaneres; bares e restaurantes funcionando com 50% da capacidade; e Transporte Intermunicipal e Tur\u00edstico, funcionando com 50% da capacidade. Academias foram autorizadas a abrir no dia 29 de julho.<\/p>\n<p>Fase azul (in\u00edcio no dia 12 de agosto em Macei\u00f3) &#8211; bares e restaurantes funcionando com 75% da capacidade; e Transporte Intermunicipal e Tur\u00edstico, ainda funcionando com 50% da capacidade.<\/p>\n<p>Fase verde (in\u00edcio ap\u00f3s todas as fases) &#8211; volta presencial de servidores p\u00fablicos e das aulas presenciais, al\u00e9m das atividades de cinemas, museus e teatros.<\/p>\n<p>&nbsp;<\/p>\n<p><strong>por Rayssa Cavalcante\/Gazetaweb<\/strong><\/p>\n<p>&nbsp;<\/p>\n","protected":false},"excerpt":{"rendered":"<p>Para dar prosseguimento a retomada econ\u00f4mica de Alagoas, o Governo do Estado permitiu que Macei\u00f3 avance para mais uma fase do plano de Distanciamento Social Controlado, saindo da etapa amarela (risco moderado) para a azul (risco moderado baixo). J\u00e1 os munic\u00edpios do m\u00e9dio e alto Sert\u00e3o do estado permanecem na fase laranja (risco moderado alto), &hellip;<\/p>\n","protected":false},"author":1,"featured_media":8688,"comment_status":"open","ping_status":"open","sticky":false,"template":"","format":"standard","meta":{"_jetpack_newsletter_access":"","_jetpack_dont_email_post_to_subs":false,"_jetpack_newsletter_tier_id":0,"_jetpack_memberships_contains_paywalled_content":false,"_jetpack_memberships_contains_paid_content":false,"footnotes":""},"categories":[1],"tags":[],"class_list":["post-8687","post","type-post","status-publish","format-standard","has-post-thumbnail","hentry","category-destaque"],"jetpack_sharing_enabled":true,"jetpack_featured_media_url":"","_links":{"self":[{"href":"https:\/\/www.oparanews.com.br\/index.php\/wp-json\/wp\/v2\/posts\/8687","targetHints":{"allow":["GET"]}}],"collection":[{"href":"https:\/\/www.oparanews.com.br\/index.php\/wp-json\/wp\/v2\/posts"}],"about":[{"href":"https:\/\/www.oparanews.com.br\/index.php\/wp-json\/wp\/v2\/types\/post"}],"author":[{"embeddable":true,"href":"https:\/\/www.oparanews.com.br\/index.php\/wp-json\/wp\/v2\/users\/1"}],"replies":[{"embeddable":true,"href":"https:\/\/www.oparanews.com.br\/index.php\/wp-json\/wp\/v2\/comments?post=8687"}],"version-history":[{"count":0,"href":"https:\/\/www.oparanews.com.br\/index.php\/wp-json\/wp\/v2\/posts\/8687\/revisions"}],"wp:attachment":[{"href":"https:\/\/www.oparanews.com.br\/index.php\/wp-json\/wp\/v2\/media?parent=8687"}],"wp:term":[{"taxonomy":"category","embeddable":true,"href":"https:\/\/www.oparanews.com.br\/index.php\/wp-json\/wp\/v2\/categories?post=8687"},{"taxonomy":"post_tag","embeddable":true,"href":"https:\/\/www.oparanews.com.br\/index.php\/wp-json\/wp\/v2\/tags?post=8687"}],"curies":[{"name":"wp","href":"https:\/\/api.w.org\/{rel}","templated":true}]}}