{"id":8690,"date":"2020-08-12T17:47:33","date_gmt":"2020-08-12T17:47:33","guid":{"rendered":"https:\/\/oparanews.com.br\/?p=8690"},"modified":"2020-08-12T17:47:33","modified_gmt":"2020-08-12T17:47:33","slug":"policia-prende-idoso-suspeito-de-estuprar-netas-em-craibas","status":"publish","type":"post","link":"https:\/\/www.oparanews.com.br\/index.php\/2020\/08\/12\/policia-prende-idoso-suspeito-de-estuprar-netas-em-craibas\/","title":{"rendered":"Pol\u00edcia prende idoso suspeito de estuprar netas em Cra\u00edbas"},"content":{"rendered":"<p>Um idoso de 66 anos foi preso suspeito de estuprar as duas netas, menores de idade, na cidade de Cra\u00edbas, no Agreste de Alagoas. A pris\u00e3o foi feita por policiais do 62\u00b0 Distrito Policial (62\u00ba DP), sob comando do delegado Guilherme Martim Iusten. A informa\u00e7\u00e3o foi divulgada nesta quarta-feira (12).<\/p>\n<p>De acordo com a pol\u00edcia, o idoso estava foragido h\u00e1 aproximadamente um ano, mas foi localizado e preso na tarde da ter\u00e7a (11), em cumprimento ao mandado de pris\u00e3o expedido pelo juiz Alberto de Almeida, da Vara da Inf\u00e2ncia da Comarca de Arapiraca.<\/p>\n<p>As v\u00edtimas, que n\u00e3o tiveram a idade divulgada, informaram \u00e0 pol\u00edcia que o crime era praticado de forma recorrente, durante os anos em que elas moraram na mesma casa que o av\u00f4.<\/p>\n<p>A den\u00fancia foi feita em 2019, quando as investiga\u00e7\u00f5es tiveram in\u00edcio e o idoso foi indiciado.<\/p>\n<p>Ap\u00f3s a pris\u00e3o, o suspeito foi encaminhado para a Delegacia de Cra\u00edbas e, em seguida, foi transferido para a carceragem da Central de Pol\u00edcia Civil de Arapiraca, onde permanece \u00e0 disposi\u00e7\u00e3o da Justi\u00e7a.<\/p>\n<p>&nbsp;<\/p>\n<p><strong>Fonte: G1\/AL<\/strong><\/p>\n<p>&nbsp;<\/p>\n","protected":false},"excerpt":{"rendered":"<p>Um idoso de 66 anos foi preso suspeito de estuprar as duas netas, menores de idade, na cidade de Cra\u00edbas, no Agreste de Alagoas. A pris\u00e3o foi feita por policiais do 62\u00b0 Distrito Policial (62\u00ba DP), sob comando do delegado Guilherme Martim Iusten. A informa\u00e7\u00e3o foi divulgada nesta quarta-feira (12). De acordo com a pol\u00edcia, &hellip;<\/p>\n","protected":false},"author":1,"featured_media":8691,"comment_status":"open","ping_status":"open","sticky":false,"template":"","format":"standard","meta":{"_jetpack_newsletter_access":"","_jetpack_dont_email_post_to_subs":false,"_jetpack_newsletter_tier_id":0,"_jetpack_memberships_contains_paywalled_content":false,"_jetpack_memberships_contains_paid_content":false,"footnotes":""},"categories":[1],"tags":[],"class_list":["post-8690","post","type-post","status-publish","format-standard","has-post-thumbnail","hentry","category-destaque"],"jetpack_sharing_enabled":true,"jetpack_featured_media_url":"","_links":{"self":[{"href":"https:\/\/www.oparanews.com.br\/index.php\/wp-json\/wp\/v2\/posts\/8690","targetHints":{"allow":["GET"]}}],"collection":[{"href":"https:\/\/www.oparanews.com.br\/index.php\/wp-json\/wp\/v2\/posts"}],"about":[{"href":"https:\/\/www.oparanews.com.br\/index.php\/wp-json\/wp\/v2\/types\/post"}],"author":[{"embeddable":true,"href":"https:\/\/www.oparanews.com.br\/index.php\/wp-json\/wp\/v2\/users\/1"}],"replies":[{"embeddable":true,"href":"https:\/\/www.oparanews.com.br\/index.php\/wp-json\/wp\/v2\/comments?post=8690"}],"version-history":[{"count":0,"href":"https:\/\/www.oparanews.com.br\/index.php\/wp-json\/wp\/v2\/posts\/8690\/revisions"}],"wp:attachment":[{"href":"https:\/\/www.oparanews.com.br\/index.php\/wp-json\/wp\/v2\/media?parent=8690"}],"wp:term":[{"taxonomy":"category","embeddable":true,"href":"https:\/\/www.oparanews.com.br\/index.php\/wp-json\/wp\/v2\/categories?post=8690"},{"taxonomy":"post_tag","embeddable":true,"href":"https:\/\/www.oparanews.com.br\/index.php\/wp-json\/wp\/v2\/tags?post=8690"}],"curies":[{"name":"wp","href":"https:\/\/api.w.org\/{rel}","templated":true}]}}