{"id":8693,"date":"2020-08-12T17:50:26","date_gmt":"2020-08-12T17:50:26","guid":{"rendered":"https:\/\/oparanews.com.br\/?p=8693"},"modified":"2020-08-12T17:50:26","modified_gmt":"2020-08-12T17:50:26","slug":"prefeitura-de-penedo-amplia-investimentos-em-educacao","status":"publish","type":"post","link":"https:\/\/www.oparanews.com.br\/index.php\/2020\/08\/12\/prefeitura-de-penedo-amplia-investimentos-em-educacao\/","title":{"rendered":"Prefeitura de Penedo amplia investimentos em educa\u00e7\u00e3o"},"content":{"rendered":"<p>A Prefeitura de Penedo, por meio da Secretaria Municipal de Educa\u00e7\u00e3o (Semed), tem realizado uma s\u00e9rie de investimentos na \u00e1rea, a exemplo da constru\u00e7\u00e3o e reforma de escolas municipais, climatiza\u00e7\u00e3o das unidades de ensino, constru\u00e7\u00e3o de gin\u00e1sios e quadras poliesportivas, entre outros.<\/p>\n<p>Amanh\u00e3, quinta-feira (13), a Semed Penedo promove mais uma s\u00e9rie de a\u00e7\u00f5es voltadas \u00e0 manuten\u00e7\u00e3o de uma educa\u00e7\u00e3o p\u00fablica de qualidade na rede municipal.<\/p>\n<p>A amplia\u00e7\u00e3o promovida pelo governo Marcius Beltr\u00e3o\/Ronaldo Lopes tem prosseguimento com assinatura da Ordem de Servi\u00e7o para constru\u00e7\u00e3o de quadra poliesportiva no Povoado Marituba do Peixe, zona rural do munic\u00edpio.<\/p>\n<p>Tamb\u00e9m amanh\u00e3 ocorrer\u00e1 a entrega da manuten\u00e7\u00e3o predial da Escola Municipal de Educa\u00e7\u00e3o B\u00e1sica Irm\u00e3 Jolenta, localizada no Bairro Senhor do Bonfim, popularmente conhecido por Oiteiro.<\/p>\n<p>Al\u00e9m disso, haver\u00e1 a entrega da manuten\u00e7\u00e3o predial da Escola Municipal de Educa\u00e7\u00e3o B\u00e1sica Professora Helena de Oliveira Carvalho, localizada no Conjunto Jos\u00e9 Moraes Lopes, mais conhecido como Cohab.<\/p>\n<p>Investimentos na \u00e1rea<\/p>\n<p>Ao longo da gest\u00e3o Penedo: Terra do desenvolvimento e da Cultura, a Semed Penedo promoveu diversos investimentos. Os mais recentes s\u00e3o a constru\u00e7\u00e3o de uma vila ol\u00edmpica no antigo Complexo Educacional e Esportivo Dr. Alcides Andrade, mais conhecido por Gin\u00e1sio do Sesi, e a constru\u00e7\u00e3o de quatro novas escolas no munic\u00edpio.<\/p>\n<p>As obras da nova Vila Ol\u00edmpica contemplam a reforma das duas piscinas; Constru\u00e7\u00e3o de piscina semi ol\u00edmpica, Pista de atletismo de 426,36 m; Pista de salto triplo, ; Revitaliza\u00e7\u00e3o do campo de futebol, ; Revitaliza\u00e7\u00e3o do gin\u00e1sio; Instala\u00e7\u00e3o de gerador de energia el\u00e9trica; Revitaliza\u00e7\u00e3o de toda pavimenta\u00e7\u00e3o asf\u00e1ltica; Reforma da sede da Secretaria Municipal de Educa\u00e7\u00e3o, entre outros.<\/p>\n<p>Outra a\u00e7\u00e3o importante \u00e9 a constru\u00e7\u00e3o da nova Escola Municipal de Educa\u00e7\u00e3o B\u00e1sica Douglas Apratto Ten\u00f3rio, localizada no Bairro Santo Antonio, antigo Barro Vermelho, com obras j\u00e1 em fase adiantada.<\/p>\n<p>Tamb\u00e9m est\u00e3o sendo constru\u00eddas as novas escolas Bar\u00e3o do Penedo, no Bairro Santa Isabel; Vereador Jos\u00e9 da Costa Mangabeira, no Conjunto Rosete Andrade; e mais uma nas proximidades do residencial Mata Atl\u00e2ntica, localizada no Bairro Dr. Raimundo Marinho.<\/p>\n<p>Programa\u00e7\u00e3o<\/p>\n<p>Ordem de Servi\u00e7o para Constru\u00e7\u00e3o da Quadra Poliesportiva do Povoado Marituba do Peixe (Escola Ir\u00eanio Ara\u00fajo)<\/p>\n<p>Local: Povoado Marituba do Peixe<br \/>\nData: 13\/08\/2020<br \/>\nHor\u00e1rio: 9h.<\/p>\n<p>Entrega da Manuten\u00e7\u00e3o Predial da Escola Irm\u00e3 Jolenta \u2013 SEDE<\/p>\n<p>Local: Bairro Senhor do Bonfim<br \/>\nData: 13\/08\/2020<br \/>\nHor\u00e1rio: 10h.<\/p>\n<p>Entrega da Manuten\u00e7\u00e3o Predial da Escola Prof\u00aa Helena de Oliveira Carvalho<br \/>\nLocal: COHAB<br \/>\nData: 13\/08\/2020<br \/>\nHor\u00e1rio: 10:40h.<\/p>\n<p>&nbsp;<\/p>\n<p><strong>por Thiago Sobral &#8211; Decom (PMP)<\/strong><\/p>\n<p>&nbsp;<\/p>\n","protected":false},"excerpt":{"rendered":"<p>A Prefeitura de Penedo, por meio da Secretaria Municipal de Educa\u00e7\u00e3o (Semed), tem realizado uma s\u00e9rie de investimentos na \u00e1rea, a exemplo da constru\u00e7\u00e3o e reforma de escolas municipais, climatiza\u00e7\u00e3o das unidades de ensino, constru\u00e7\u00e3o de gin\u00e1sios e quadras poliesportivas, entre outros. Amanh\u00e3, quinta-feira (13), a Semed Penedo promove mais uma s\u00e9rie de a\u00e7\u00f5es voltadas &hellip;<\/p>\n","protected":false},"author":1,"featured_media":8694,"comment_status":"open","ping_status":"open","sticky":false,"template":"","format":"standard","meta":{"_jetpack_newsletter_access":"","_jetpack_dont_email_post_to_subs":false,"_jetpack_newsletter_tier_id":0,"_jetpack_memberships_contains_paywalled_content":false,"_jetpack_memberships_contains_paid_content":false,"footnotes":""},"categories":[1],"tags":[],"class_list":["post-8693","post","type-post","status-publish","format-standard","has-post-thumbnail","hentry","category-destaque"],"jetpack_sharing_enabled":true,"jetpack_featured_media_url":"","_links":{"self":[{"href":"https:\/\/www.oparanews.com.br\/index.php\/wp-json\/wp\/v2\/posts\/8693","targetHints":{"allow":["GET"]}}],"collection":[{"href":"https:\/\/www.oparanews.com.br\/index.php\/wp-json\/wp\/v2\/posts"}],"about":[{"href":"https:\/\/www.oparanews.com.br\/index.php\/wp-json\/wp\/v2\/types\/post"}],"author":[{"embeddable":true,"href":"https:\/\/www.oparanews.com.br\/index.php\/wp-json\/wp\/v2\/users\/1"}],"replies":[{"embeddable":true,"href":"https:\/\/www.oparanews.com.br\/index.php\/wp-json\/wp\/v2\/comments?post=8693"}],"version-history":[{"count":0,"href":"https:\/\/www.oparanews.com.br\/index.php\/wp-json\/wp\/v2\/posts\/8693\/revisions"}],"wp:attachment":[{"href":"https:\/\/www.oparanews.com.br\/index.php\/wp-json\/wp\/v2\/media?parent=8693"}],"wp:term":[{"taxonomy":"category","embeddable":true,"href":"https:\/\/www.oparanews.com.br\/index.php\/wp-json\/wp\/v2\/categories?post=8693"},{"taxonomy":"post_tag","embeddable":true,"href":"https:\/\/www.oparanews.com.br\/index.php\/wp-json\/wp\/v2\/tags?post=8693"}],"curies":[{"name":"wp","href":"https:\/\/api.w.org\/{rel}","templated":true}]}}