{"id":8699,"date":"2020-08-12T18:00:05","date_gmt":"2020-08-12T18:00:05","guid":{"rendered":"https:\/\/oparanews.com.br\/?p=8699"},"modified":"2020-08-12T18:00:05","modified_gmt":"2020-08-12T18:00:05","slug":"avo-de-michelle-bolsonaro-morre-apos-covid-no-df","status":"publish","type":"post","link":"https:\/\/www.oparanews.com.br\/index.php\/2020\/08\/12\/avo-de-michelle-bolsonaro-morre-apos-covid-no-df\/","title":{"rendered":"Av\u00f3 de Michelle Bolsonaro morre ap\u00f3s Covid no DF"},"content":{"rendered":"<p>A av\u00f3 da primeira-dama Michelle Bolsonaro morreu v\u00edtima da Covid-19, na madrugada desta quarta-feira (12), no Hospital Regional de Ceil\u00e2ndia, no Distrito Federal. Maria Aparecida Firmo Ferreira, de 80 anos, estava internada na Unidade de Terapia Intensiva (UTI) desde o dia 3 de julho.<\/p>\n<p>Questionado pelo G1, o Pal\u00e1cio do Planalto n\u00e3o havia comentado o falecimento da idosa at\u00e9 a \u00faltima atualiza\u00e7\u00e3o desta reportagem. H\u00e1 mais de um m\u00eas o governo federal mant\u00e9m o posicionamento de n\u00e3o se pronunciar sobre o estado de sa\u00fade dela.<\/p>\n<p>De acordo com o prontu\u00e1rio m\u00e9dico, Maria Aparecida foi encontrada &#8220;por populares, na rua, ca\u00edda&#8221; na regi\u00e3o onde mora, em Ceil\u00e2ndia, no dia 1\u00ba de julho. A regi\u00e3o \u00e9 a que concentra o maior n\u00famero de casos de coronav\u00edrus no DF, com 15.203 registros at\u00e9 esta ter\u00e7a-feira (11).<\/p>\n<p>Inicialmente, a idosa foi levada ao hospital da regi\u00e3o, com falta de ar. No mesmo dia, ela foi encaminhada para o Hospital Regional de Santa Maria (HRSM) \u2013 a 32 quil\u00f4metros de dist\u00e2ncia \u2013 unidade onde havia vaga em UTI naquele dia.<\/p>\n<p>A av\u00f3 da primeira-dama permaneceu em tratamento intensivo durante toda a interna\u00e7\u00e3o. Ela apresentou instabilidade no quadro cl\u00ednico nas \u00faltimas semanas, chegando a registrar melhora por duas vezes. No dia 3 de agosto, a paciente deixou a entuba\u00e7\u00e3o e respirava com ajuda de m\u00e1scara de oxig\u00eanio.<\/p>\n<p>Nesta quarta (12), o Instituto de Gest\u00e3o Estrat\u00e9gica de Sa\u00fade do Distrito Federal (Iges-DF), que administra o Hospital de Santa Maria informou que Maria Aparecida havia sido transferida para o Hospital Regional de Ceil\u00e2ndia. O G1 questionou a motiva\u00e7\u00e3o, mas n\u00e3o obteve retorno at\u00e9 a \u00faltima atualiza\u00e7\u00e3o desta reportagem.<\/p>\n<p><strong>Michelle Bolsonaro recuperada<\/strong><\/p>\n<p>A morte de Maria Aparecida ocorre um dia ap\u00f3s Michelle Bolsonaro informar, por meio das redes sociais, que est\u00e1 recuperada da Covid-19. Ela foi diagnosticada com a doen\u00e7a em 30 de julho.<\/p>\n<p>A primeira-dama foi infectada ap\u00f3s o presidente Jair Bolsonaro (sem partido) tamb\u00e9m ser contaminado. Ele informou no dia 7 de julho que seu exame tinha dado positivo.<\/p>\n<p>A primeira-dama mora, o presidente Bolsonaro e as filhas Let\u00edcia e Laura moram na resid\u00eancia oficial, no Pal\u00e1cio da Alvorada, em Bras\u00edlia. No comunicado em que Michele anuncia que est\u00e1 recuperada, tamb\u00e9m mostra imagem de exames negativos das filhas.<\/p>\n<p><strong>Coronav\u00edrus no DF<\/strong><\/p>\n<p>Desde o in\u00edcio da pandemia, o DF registrou 1.815 mortes por Covid-19. Somente nesta ter\u00e7a (11), a Secretaria de Sa\u00fade confirmou 53 novos \u00f3bitos pela doen\u00e7a. Trata-se de um recorde em 24 horas, j\u00e1 que o maior registro anterior era de 52 casos em um dia.<\/p>\n<p>Ao todo, s\u00e3o 127.484 infectados. Desse total, 112.379 (88,2%) pessoas est\u00e3o recuperadas do v\u00edrus na capital.<\/p>\n<p>&nbsp;<\/p>\n<p><strong>Fonte: G1<\/strong><\/p>\n<p>&nbsp;<\/p>\n","protected":false},"excerpt":{"rendered":"<p>A av\u00f3 da primeira-dama Michelle Bolsonaro morreu v\u00edtima da Covid-19, na madrugada desta quarta-feira (12), no Hospital Regional de Ceil\u00e2ndia, no Distrito Federal. Maria Aparecida Firmo Ferreira, de 80 anos, estava internada na Unidade de Terapia Intensiva (UTI) desde o dia 3 de julho. Questionado pelo G1, o Pal\u00e1cio do Planalto n\u00e3o havia comentado o &hellip;<\/p>\n","protected":false},"author":1,"featured_media":8700,"comment_status":"open","ping_status":"open","sticky":false,"template":"","format":"standard","meta":{"_jetpack_newsletter_access":"","_jetpack_dont_email_post_to_subs":false,"_jetpack_newsletter_tier_id":0,"_jetpack_memberships_contains_paywalled_content":false,"_jetpack_memberships_contains_paid_content":false,"footnotes":""},"categories":[1],"tags":[],"class_list":["post-8699","post","type-post","status-publish","format-standard","has-post-thumbnail","hentry","category-destaque"],"jetpack_sharing_enabled":true,"jetpack_featured_media_url":"","_links":{"self":[{"href":"https:\/\/www.oparanews.com.br\/index.php\/wp-json\/wp\/v2\/posts\/8699","targetHints":{"allow":["GET"]}}],"collection":[{"href":"https:\/\/www.oparanews.com.br\/index.php\/wp-json\/wp\/v2\/posts"}],"about":[{"href":"https:\/\/www.oparanews.com.br\/index.php\/wp-json\/wp\/v2\/types\/post"}],"author":[{"embeddable":true,"href":"https:\/\/www.oparanews.com.br\/index.php\/wp-json\/wp\/v2\/users\/1"}],"replies":[{"embeddable":true,"href":"https:\/\/www.oparanews.com.br\/index.php\/wp-json\/wp\/v2\/comments?post=8699"}],"version-history":[{"count":0,"href":"https:\/\/www.oparanews.com.br\/index.php\/wp-json\/wp\/v2\/posts\/8699\/revisions"}],"wp:attachment":[{"href":"https:\/\/www.oparanews.com.br\/index.php\/wp-json\/wp\/v2\/media?parent=8699"}],"wp:term":[{"taxonomy":"category","embeddable":true,"href":"https:\/\/www.oparanews.com.br\/index.php\/wp-json\/wp\/v2\/categories?post=8699"},{"taxonomy":"post_tag","embeddable":true,"href":"https:\/\/www.oparanews.com.br\/index.php\/wp-json\/wp\/v2\/tags?post=8699"}],"curies":[{"name":"wp","href":"https:\/\/api.w.org\/{rel}","templated":true}]}}