{"id":8702,"date":"2020-08-12T18:02:17","date_gmt":"2020-08-12T18:02:17","guid":{"rendered":"https:\/\/oparanews.com.br\/?p=8702"},"modified":"2020-08-12T18:02:17","modified_gmt":"2020-08-12T18:02:17","slug":"everton-embarca-para-assinar-com-o-benfica","status":"publish","type":"post","link":"https:\/\/www.oparanews.com.br\/index.php\/2020\/08\/12\/everton-embarca-para-assinar-com-o-benfica\/","title":{"rendered":"Everton embarca para assinar com o Benfica"},"content":{"rendered":"<p>Artilheiro do Gr\u00eamio nas duas \u00faltimas temporadas, destaque do time e \u00eddolo da torcida, Everton est\u00e1 a caminho de realizar o sonho de atuar no futebol europeu. Antes do an\u00fancio oficial pelos clubes, o atacante embarcou na manh\u00e3 desta quarta-feira para Portugal para assinar contrato e ser apresentado pelo Benfica do t\u00e9cnico Jorge Jesus. O v\u00ednculo ser\u00e1 por cinco temporadas.<\/p>\n<p>Antes do embarque, Cebolinha falou com exclusividade com a reportagem da RBS TV. O atacante disse que vai sentir saudades do Gr\u00eamio, dos torcedores e de Porto Alegre, mas que est\u00e1 feliz por dar um novo passo na carreira.<\/p>\n<p>\u2013 A ficha demora a cair um pouco por tudo que vivi no Gr\u00eamio, nesta cidade. Foi em Porto Alegre que meu filho nasceu aqui e deixo ra\u00edzes. Fico feliz por realizar um sonho que sempre almejei na carreira, mas triste por deixar um clube como esse, que me acolheu muito bem. Sempre procurei corresponder, mas agora \u00e9 al\u00e7ar voos maiores e que tudo d\u00ea certo \u2013 disse o camisa 11.<\/p>\n<p>Cebolinha apareceu no sagu\u00e3o por volta das 9h30. Acompanhado por mais dois representantes de seu estafe, o agora ex-camisa 11 do Gr\u00eamio realizou o check-in e, no caminho at\u00e9 a sala de embarque, foi abordado por torcedores, que buscavam o \u00faltimo registro do \u00eddolo. Atencioso, parou para bater fotos com os f\u00e3s, sempre usando m\u00e1scaras.<\/p>\n<p>Al\u00e9m da forte liga\u00e7\u00e3o com a torcida, Cebolinha tamb\u00e9m criou muitos v\u00ednculos no vesti\u00e1rio gremista. O atacante contou que se emocionou ao despedir do grupo de jogadores. Muitos dos quais o acompanham desde os tempos das categorias de base.<\/p>\n<p>\u2013 Foi diferente. Me emocionei outra vez. Vivi parte da minha vida (no Gr\u00eamio), foram oito anos. Cresci, convivi com eles. Levarei para toda a minha vida, os treinadores, estafe. Muito obrigado. Eles foram fundamentais para que eu crescesse \u2013 agradeceu.<\/p>\n<p>Everton falou ainda sobre o contato por telefone com Jorge Jesus. O t\u00e9cnico luso disse como pretende us\u00e1-lo no time portugu\u00eas e como acredita que ser\u00e1 sua trajet\u00f3ria na Europa. Cebolinha ainda n\u00e3o conheceu os futuros companheiros, mas j\u00e1 recebeu informa\u00e7\u00f5es sobre o clube de quem jogou l\u00e1 e espera repetir o sucesso do per\u00edodo de Gr\u00eamio.<\/p>\n<p>\u2013 Ainda n\u00e3o tive contato (com os jogadores). S\u00f3 com quem j\u00e1 jogou. Com a correria, precisei resolver muitas coisas. Espero ser bem-sucedido. Expectativa de vestir a camisa, fazer uma grande hist\u00f3ria e ficar marcado \u2013 finalizou.<\/p>\n<p>A negocia\u00e7\u00e3o foi fechada por 20 milh\u00f5es de euros (R$ 127,6 milh\u00f5es, pela cota\u00e7\u00e3o atual), com pagamento \u00e0 vista. O Gr\u00eamio tamb\u00e9m ficou com 20% do lucro de em uma futura venda na Europa. O Tricolor detinha 50% dos direitos econ\u00f4micos de Everton, mas negociou com as demais partes para ficar com uma fatia maior na negocia\u00e7\u00e3o.<\/p>\n<p>Aos 24 anos, Everton deixa o Gr\u00eamio como artilheiro e principal jogador do time nas duas \u00faltimas temporadas. Seu \u00faltimo jogo com a camisa do clube foi o Gre-Nal da final do segundo turno do Gauch\u00e3o, no qual teve participa\u00e7\u00e3o nos dois gols da vit\u00f3ria.<\/p>\n<p>Natural de Maracana\u00fa, no Cear\u00e1, o atacante trocou Fortaleza por Porto Alegre em 2013. No ano seguinte, j\u00e1 recebia as primeiras oportunidades no time principal.<\/p>\n<p>Em sua trajet\u00f3ria pelo Gr\u00eamio, participou de 273 partidas, com 69 gols marcados. Foi campe\u00e3o da Copa Am\u00e9rica pela Sele\u00e7\u00e3o e esteve presente nos t\u00edtulos da Copa do Brasil (2016), Libertadores (2017), Recopa (2018) e dois Gauch\u00f5es (2018 e 2019).<\/p>\n<p>&nbsp;<\/p>\n<p><strong>Fonte: Globoesporte<\/strong><\/p>\n<p>&nbsp;<\/p>\n","protected":false},"excerpt":{"rendered":"<p>Artilheiro do Gr\u00eamio nas duas \u00faltimas temporadas, destaque do time e \u00eddolo da torcida, Everton est\u00e1 a caminho de realizar o sonho de atuar no futebol europeu. Antes do an\u00fancio oficial pelos clubes, o atacante embarcou na manh\u00e3 desta quarta-feira para Portugal para assinar contrato e ser apresentado pelo Benfica do t\u00e9cnico Jorge Jesus. O &hellip;<\/p>\n","protected":false},"author":1,"featured_media":8703,"comment_status":"open","ping_status":"open","sticky":false,"template":"","format":"standard","meta":{"_jetpack_newsletter_access":"","_jetpack_dont_email_post_to_subs":false,"_jetpack_newsletter_tier_id":0,"_jetpack_memberships_contains_paywalled_content":false,"_jetpack_memberships_contains_paid_content":false,"footnotes":""},"categories":[1],"tags":[],"class_list":["post-8702","post","type-post","status-publish","format-standard","has-post-thumbnail","hentry","category-destaque"],"jetpack_sharing_enabled":true,"jetpack_featured_media_url":"","_links":{"self":[{"href":"https:\/\/www.oparanews.com.br\/index.php\/wp-json\/wp\/v2\/posts\/8702","targetHints":{"allow":["GET"]}}],"collection":[{"href":"https:\/\/www.oparanews.com.br\/index.php\/wp-json\/wp\/v2\/posts"}],"about":[{"href":"https:\/\/www.oparanews.com.br\/index.php\/wp-json\/wp\/v2\/types\/post"}],"author":[{"embeddable":true,"href":"https:\/\/www.oparanews.com.br\/index.php\/wp-json\/wp\/v2\/users\/1"}],"replies":[{"embeddable":true,"href":"https:\/\/www.oparanews.com.br\/index.php\/wp-json\/wp\/v2\/comments?post=8702"}],"version-history":[{"count":0,"href":"https:\/\/www.oparanews.com.br\/index.php\/wp-json\/wp\/v2\/posts\/8702\/revisions"}],"wp:attachment":[{"href":"https:\/\/www.oparanews.com.br\/index.php\/wp-json\/wp\/v2\/media?parent=8702"}],"wp:term":[{"taxonomy":"category","embeddable":true,"href":"https:\/\/www.oparanews.com.br\/index.php\/wp-json\/wp\/v2\/categories?post=8702"},{"taxonomy":"post_tag","embeddable":true,"href":"https:\/\/www.oparanews.com.br\/index.php\/wp-json\/wp\/v2\/tags?post=8702"}],"curies":[{"name":"wp","href":"https:\/\/api.w.org\/{rel}","templated":true}]}}