{"id":8705,"date":"2020-08-12T18:04:00","date_gmt":"2020-08-12T18:04:00","guid":{"rendered":"https:\/\/oparanews.com.br\/?p=8705"},"modified":"2020-08-12T18:04:00","modified_gmt":"2020-08-12T18:04:00","slug":"sindicato-dos-atletas-ameaca-pedir-paralisacao-do-brasileirao","status":"publish","type":"post","link":"https:\/\/www.oparanews.com.br\/index.php\/2020\/08\/12\/sindicato-dos-atletas-ameaca-pedir-paralisacao-do-brasileirao\/","title":{"rendered":"Sindicato dos Atletas amea\u00e7a pedir paralisa\u00e7\u00e3o do Brasileir\u00e3o"},"content":{"rendered":"<p>O Sindicato dos Atletas de S\u00e3o Paulo amea\u00e7a ir \u00e0 Justi\u00e7a e pedir a paralisa\u00e7\u00e3o do Campeonato Brasileiro se a CBF n\u00e3o alterar os protocolos previstos para o retorno do futebol.<\/p>\n<p>Em of\u00edcio enviado \u00e0 CBF, o sindicato paulista defende duas op\u00e7\u00f5es como solu\u00e7\u00e3o para a realiza\u00e7\u00e3o do torneio, que teve um jogo adiado logo na primeira rodada, Goi\u00e1s x S\u00e3o Paulo, quando dez jogadores do time goiano foram diagnosticados com Covid-19 em resultados que foram conhecidos apenas na manh\u00e3 do dia da partida \u2013 as contraprovas confirmaram nove diagn\u00f3sticos.<\/p>\n<p>Procurada pela reportagem, a CBF disse que n\u00e3o vai comentar.<\/p>\n<p>A entidade de classe cita os exemplos da Alemanha, que obrigava isolamento das delega\u00e7\u00f5es por at\u00e9 sete dias antes das partidas, tempo para que os exames fossem feitos e os resultados conhecidos, e o da NBA, que criou uma \u201cbolha\u201d em Orlando, nos EUA, para que a temporada pudesse ser finalizada.<\/p>\n<p>Na pr\u00e1tica, o sindicato pede que os times sejam isolados por toda a disputa do Campeonato Brasileiro, j\u00e1 que, com o calend\u00e1rio apertado, os clubes est\u00e3o disputando partidas a cada tr\u00eas dias.<\/p>\n<p>\u2013 Assim, ou isola as delega\u00e7\u00f5es por uma quantidade de dias antes de cada partida, quantidade de dias que seja capaz da obten\u00e7\u00e3o dos resultados das testagens de forma segura, ou se cria a \u201cbolha\u201d e isola de vez delega\u00e7\u00f5es durante toda a competi\u00e7\u00e3o \u2013 diz o of\u00edcio enviado \u00e0 CBF.<\/p>\n<p>O documento n\u00e3o cita a possibilidade de acionar a Justi\u00e7a, o que \u00e9 feito em nota no site do sindicato:<\/p>\n<p>\u2013 Em caso de resposta negativa, para a entidade dos jogadores paulistas n\u00e3o restar\u00e1 alternativa a n\u00e3o ser o j\u00e1 conhecido caminho do judici\u00e1rio.<\/p>\n<p><strong>Mudan\u00e7as<\/strong><\/p>\n<p>Logo ap\u00f3s o adiamento do jogo entre Goi\u00e1s e S\u00e3o Paulo, que se enfrentariam no domingo \u00e0 tarde, a CBF anunciou mudan\u00e7as no protocolo.<\/p>\n<p>A confedera\u00e7\u00e3o passou a permitir o teste de todos os jogadores inscritos no torneio (at\u00e9 40 por clube), e n\u00e3o mais de apenas 23 por rodada. Tamb\u00e9m permitiu que os clubes fa\u00e7am os exames com laborat\u00f3rios locais, e n\u00e3o s\u00f3 com o Hospital Albert Einstein, de S\u00e3o Paulo, que at\u00e9 ent\u00e3o concentrava esse servi\u00e7o.<\/p>\n<p>Na \u00faltima ter\u00e7a-feira, o Atl\u00e9tico-GO, que nesta quarta enfrenta o Flamengo, teve quatro casos positivos no elenco. Ap\u00f3s recurso, a comiss\u00e3o m\u00e9dica da CBF autorizou os atletas a jogar por que eles, apesar do resultado, j\u00e1 tinham cumprido isolamento.<\/p>\n<p>\u2013 Nos baseamos em uma norma do CDC (Centro de Controle e Preven\u00e7\u00e3o de Doen\u00e7as) dos Estados Unidos, j\u00e1 aceita pela Organiza\u00e7\u00e3o Mundial de Sa\u00fade. Essa norma prev\u00ea que, ap\u00f3s um exame PCR positivo, o isolamento de dez dias \u00e9 suficiente para liberar o paciente \u2013 disse o m\u00e9dico Jorge Pagura, que chefia a comiss\u00e3o da CBF.<\/p>\n<p>Os problemas tamb\u00e9m acontecem na S\u00e9rie B. Nesta semana, o jogo entre Chapecoense e CSA teve que ser adiado ap\u00f3s o time alagoano perder 18 jogadores por terem testado positivo para Covid-19.<\/p>\n<p>&nbsp;<\/p>\n<p><strong>Fonte: Globoesporte<\/strong><\/p>\n<p>&nbsp;<\/p>\n","protected":false},"excerpt":{"rendered":"<p>O Sindicato dos Atletas de S\u00e3o Paulo amea\u00e7a ir \u00e0 Justi\u00e7a e pedir a paralisa\u00e7\u00e3o do Campeonato Brasileiro se a CBF n\u00e3o alterar os protocolos previstos para o retorno do futebol. Em of\u00edcio enviado \u00e0 CBF, o sindicato paulista defende duas op\u00e7\u00f5es como solu\u00e7\u00e3o para a realiza\u00e7\u00e3o do torneio, que teve um jogo adiado logo &hellip;<\/p>\n","protected":false},"author":1,"featured_media":8706,"comment_status":"open","ping_status":"open","sticky":false,"template":"","format":"standard","meta":{"_jetpack_newsletter_access":"","_jetpack_dont_email_post_to_subs":false,"_jetpack_newsletter_tier_id":0,"_jetpack_memberships_contains_paywalled_content":false,"_jetpack_memberships_contains_paid_content":false,"footnotes":""},"categories":[1],"tags":[],"class_list":["post-8705","post","type-post","status-publish","format-standard","has-post-thumbnail","hentry","category-destaque"],"jetpack_sharing_enabled":true,"jetpack_featured_media_url":"","_links":{"self":[{"href":"https:\/\/www.oparanews.com.br\/index.php\/wp-json\/wp\/v2\/posts\/8705","targetHints":{"allow":["GET"]}}],"collection":[{"href":"https:\/\/www.oparanews.com.br\/index.php\/wp-json\/wp\/v2\/posts"}],"about":[{"href":"https:\/\/www.oparanews.com.br\/index.php\/wp-json\/wp\/v2\/types\/post"}],"author":[{"embeddable":true,"href":"https:\/\/www.oparanews.com.br\/index.php\/wp-json\/wp\/v2\/users\/1"}],"replies":[{"embeddable":true,"href":"https:\/\/www.oparanews.com.br\/index.php\/wp-json\/wp\/v2\/comments?post=8705"}],"version-history":[{"count":0,"href":"https:\/\/www.oparanews.com.br\/index.php\/wp-json\/wp\/v2\/posts\/8705\/revisions"}],"wp:attachment":[{"href":"https:\/\/www.oparanews.com.br\/index.php\/wp-json\/wp\/v2\/media?parent=8705"}],"wp:term":[{"taxonomy":"category","embeddable":true,"href":"https:\/\/www.oparanews.com.br\/index.php\/wp-json\/wp\/v2\/categories?post=8705"},{"taxonomy":"post_tag","embeddable":true,"href":"https:\/\/www.oparanews.com.br\/index.php\/wp-json\/wp\/v2\/tags?post=8705"}],"curies":[{"name":"wp","href":"https:\/\/api.w.org\/{rel}","templated":true}]}}