{"id":8708,"date":"2020-08-12T18:06:25","date_gmt":"2020-08-12T18:06:25","guid":{"rendered":"https:\/\/oparanews.com.br\/?p=8708"},"modified":"2020-08-12T18:06:25","modified_gmt":"2020-08-12T18:06:25","slug":"governo-divulga-resultado-provisorio-de-etapa-do-concurso-da-sefaz","status":"publish","type":"post","link":"https:\/\/www.oparanews.com.br\/index.php\/2020\/08\/12\/governo-divulga-resultado-provisorio-de-etapa-do-concurso-da-sefaz\/","title":{"rendered":"Governo divulga resultado provis\u00f3rio de etapa do concurso da Sefaz"},"content":{"rendered":"<p>A Secretaria de Estado do Planejamento, Gest\u00e3o e Patrim\u00f4nio (Seplag) divulgou o resultado provis\u00f3rio na avalia\u00e7\u00e3o biopsicossocial dos candidatos que solicitaram concorrer como pessoas com defici\u00eancia no concurso da Secretaria de Estado da Fazenda de Alagoas (Sefaz). A publica\u00e7\u00e3o est\u00e1 dispon\u00edvel na edi\u00e7\u00e3o suplementar do Di\u00e1rio Oficial de ter\u00e7a-feira (11).<\/p>\n<p>Para conferir a publica\u00e7\u00e3o com a lista dos candidatos aprovados na avalia\u00e7\u00e3o biopsicossocial, basta clicar <a href=\"http:\/\/www.imprensaoficialal.com.br\/wp-content\/uploads\/2020\/08\/DOEAL-11_08_2020-SUPLEMENTO.pdf\"><strong>aqui<\/strong><\/a>.<\/p>\n<p>O documento, que contempla os candidatos do cargo de Auditor de Finan\u00e7as e Controle de Arrecada\u00e7\u00e3o da Fazenda Estadual e de Auditor Fiscal da Receita Estadual, traz a lista por cargo, n\u00famero de inscri\u00e7\u00e3o e nome do candidato em ordem alfab\u00e9tica.<\/p>\n<p>De acordo com a Seplag, \u00e9 poss\u00edvel interpor recurso contra o resultado at\u00e9 as 18 horas desta quinta-feira (13) por meio do Sistema de Interposi\u00e7\u00e3o de Recurso. A previs\u00e3o \u00e9 que j\u00e1 no dia 20 de agosto sejam divulgados tanto o resultado final desta etapa, quanto o do concurso p\u00fablico em geral.<\/p>\n<p>&nbsp;<\/p>\n<p><strong>Fonte: Ascom Seplag<\/strong><\/p>\n<p>&nbsp;<\/p>\n","protected":false},"excerpt":{"rendered":"<p>A Secretaria de Estado do Planejamento, Gest\u00e3o e Patrim\u00f4nio (Seplag) divulgou o resultado provis\u00f3rio na avalia\u00e7\u00e3o biopsicossocial dos candidatos que solicitaram concorrer como pessoas com defici\u00eancia no concurso da Secretaria de Estado da Fazenda de Alagoas (Sefaz). A publica\u00e7\u00e3o est\u00e1 dispon\u00edvel na edi\u00e7\u00e3o suplementar do Di\u00e1rio Oficial de ter\u00e7a-feira (11). Para conferir a publica\u00e7\u00e3o com &hellip;<\/p>\n","protected":false},"author":1,"featured_media":8709,"comment_status":"open","ping_status":"open","sticky":false,"template":"","format":"standard","meta":{"_jetpack_newsletter_access":"","_jetpack_dont_email_post_to_subs":false,"_jetpack_newsletter_tier_id":0,"_jetpack_memberships_contains_paywalled_content":false,"_jetpack_memberships_contains_paid_content":false,"footnotes":""},"categories":[1],"tags":[],"class_list":["post-8708","post","type-post","status-publish","format-standard","has-post-thumbnail","hentry","category-destaque"],"jetpack_sharing_enabled":true,"jetpack_featured_media_url":"","_links":{"self":[{"href":"https:\/\/www.oparanews.com.br\/index.php\/wp-json\/wp\/v2\/posts\/8708","targetHints":{"allow":["GET"]}}],"collection":[{"href":"https:\/\/www.oparanews.com.br\/index.php\/wp-json\/wp\/v2\/posts"}],"about":[{"href":"https:\/\/www.oparanews.com.br\/index.php\/wp-json\/wp\/v2\/types\/post"}],"author":[{"embeddable":true,"href":"https:\/\/www.oparanews.com.br\/index.php\/wp-json\/wp\/v2\/users\/1"}],"replies":[{"embeddable":true,"href":"https:\/\/www.oparanews.com.br\/index.php\/wp-json\/wp\/v2\/comments?post=8708"}],"version-history":[{"count":0,"href":"https:\/\/www.oparanews.com.br\/index.php\/wp-json\/wp\/v2\/posts\/8708\/revisions"}],"wp:attachment":[{"href":"https:\/\/www.oparanews.com.br\/index.php\/wp-json\/wp\/v2\/media?parent=8708"}],"wp:term":[{"taxonomy":"category","embeddable":true,"href":"https:\/\/www.oparanews.com.br\/index.php\/wp-json\/wp\/v2\/categories?post=8708"},{"taxonomy":"post_tag","embeddable":true,"href":"https:\/\/www.oparanews.com.br\/index.php\/wp-json\/wp\/v2\/tags?post=8708"}],"curies":[{"name":"wp","href":"https:\/\/api.w.org\/{rel}","templated":true}]}}