{"id":8711,"date":"2020-08-12T18:11:42","date_gmt":"2020-08-12T18:11:42","guid":{"rendered":"https:\/\/oparanews.com.br\/?p=8711"},"modified":"2020-08-12T18:11:42","modified_gmt":"2020-08-12T18:11:42","slug":"doria-anuncia-que-testou-positivo-para-coronavirus","status":"publish","type":"post","link":"https:\/\/www.oparanews.com.br\/index.php\/2020\/08\/12\/doria-anuncia-que-testou-positivo-para-coronavirus\/","title":{"rendered":"Doria anuncia que testou positivo para coronav\u00edrus"},"content":{"rendered":"<p>O governador de S\u00e3o Paulo, Jo\u00e3o Doria (PSDB) anunciu, no in\u00edcio da tarde desta quarta-feira (12), que foi contaminado pelo novo coronav\u00edrus. &#8220;Estou bem, sem sintomas. Seguirei trabalhando de casa, cumprindo as recomenda\u00e7\u00f5es m\u00e9dicas de isolamento. Tenho f\u00e9 em Deus que vou superar a doen\u00e7a&#8221;, escreveu o tucano em suas redes sociais.<\/p>\n<p>Na mesma postagem, Doria publicou um v\u00eddeo, onde afirmou que seu quadro \u00e9 acompanhado pelo infectologista David Uip. Ele tamb\u00e9m pediu para a popula\u00e7\u00e3o se proteger e demonstrou f\u00e9 em uma poss\u00edvel vacina. &#8220;Tudo isso vai passar. A vacina vai chegar e o Brasil viver\u00e1 um novo momento, livre do coronav\u00edrus&#8221;, declarou o governador.<\/p>\n<p>O governador de S\u00e3o Paulo \u00e9 o 11\u00ba a contrair a doen\u00e7a no Brasil. Antes dele, Renan Filho (Alagoas), Renato Casagrande (Esp\u00edrito Santo), Mauro Mendes (Mato Grosso), Helder Barbalho (Par\u00e1), Paulo C\u00e2mara (Pernambuco), Wilson Witzel (Rio de Janeiro), Eduardo Leite (Rio Grande do Sul), Ant\u00f4nio Denarium (Roraima), Carlos Moises (Santa Catarina) e Belivaldo Chagas (Sergipe) j\u00e1 haviam sido contaminados. O presidente da Rep\u00fablica, Jair Bolsonaro e oito de seus ministros tamb\u00e9m foram infectados.<\/p>\n<p>&nbsp;<\/p>\n<p><strong>Fonte: Terra<\/strong><\/p>\n<p>&nbsp;<\/p>\n","protected":false},"excerpt":{"rendered":"<p>O governador de S\u00e3o Paulo, Jo\u00e3o Doria (PSDB) anunciu, no in\u00edcio da tarde desta quarta-feira (12), que foi contaminado pelo novo coronav\u00edrus. &#8220;Estou bem, sem sintomas. Seguirei trabalhando de casa, cumprindo as recomenda\u00e7\u00f5es m\u00e9dicas de isolamento. Tenho f\u00e9 em Deus que vou superar a doen\u00e7a&#8221;, escreveu o tucano em suas redes sociais. Na mesma postagem, &hellip;<\/p>\n","protected":false},"author":1,"featured_media":8712,"comment_status":"open","ping_status":"open","sticky":false,"template":"","format":"standard","meta":{"_jetpack_newsletter_access":"","_jetpack_dont_email_post_to_subs":false,"_jetpack_newsletter_tier_id":0,"_jetpack_memberships_contains_paywalled_content":false,"_jetpack_memberships_contains_paid_content":false,"footnotes":""},"categories":[1],"tags":[],"class_list":["post-8711","post","type-post","status-publish","format-standard","has-post-thumbnail","hentry","category-destaque"],"jetpack_sharing_enabled":true,"jetpack_featured_media_url":"","_links":{"self":[{"href":"https:\/\/www.oparanews.com.br\/index.php\/wp-json\/wp\/v2\/posts\/8711","targetHints":{"allow":["GET"]}}],"collection":[{"href":"https:\/\/www.oparanews.com.br\/index.php\/wp-json\/wp\/v2\/posts"}],"about":[{"href":"https:\/\/www.oparanews.com.br\/index.php\/wp-json\/wp\/v2\/types\/post"}],"author":[{"embeddable":true,"href":"https:\/\/www.oparanews.com.br\/index.php\/wp-json\/wp\/v2\/users\/1"}],"replies":[{"embeddable":true,"href":"https:\/\/www.oparanews.com.br\/index.php\/wp-json\/wp\/v2\/comments?post=8711"}],"version-history":[{"count":0,"href":"https:\/\/www.oparanews.com.br\/index.php\/wp-json\/wp\/v2\/posts\/8711\/revisions"}],"wp:attachment":[{"href":"https:\/\/www.oparanews.com.br\/index.php\/wp-json\/wp\/v2\/media?parent=8711"}],"wp:term":[{"taxonomy":"category","embeddable":true,"href":"https:\/\/www.oparanews.com.br\/index.php\/wp-json\/wp\/v2\/categories?post=8711"},{"taxonomy":"post_tag","embeddable":true,"href":"https:\/\/www.oparanews.com.br\/index.php\/wp-json\/wp\/v2\/tags?post=8711"}],"curies":[{"name":"wp","href":"https:\/\/api.w.org\/{rel}","templated":true}]}}