{"id":8714,"date":"2020-08-12T18:14:23","date_gmt":"2020-08-12T18:14:23","guid":{"rendered":"https:\/\/oparanews.com.br\/?p=8714"},"modified":"2020-08-12T18:14:23","modified_gmt":"2020-08-12T18:14:23","slug":"bolsonaro-corta-60-da-verba-publicitaria-do-governo-a-globo","status":"publish","type":"post","link":"https:\/\/www.oparanews.com.br\/index.php\/2020\/08\/12\/bolsonaro-corta-60-da-verba-publicitaria-do-governo-a-globo\/","title":{"rendered":"Bolsonaro corta 60% da verba publicit\u00e1ria do governo \u00e0 Globo"},"content":{"rendered":"<p>Na edi\u00e7\u00e3o desta quarta-feira (12), a Folha de S. Paulo traz mat\u00e9ria a respeito do rateio de verbas do governo federal \u00e0s TVs. De acordo com os jornalistas F\u00e1bio Fabrini e Julio Wiziack, o TCU (Tribunal de Contas da Uni\u00e3o) identificou falta de crit\u00e9rio t\u00e9cnico na mudan\u00e7a da divis\u00e3o das verbas oficiais investidas nas principais emissoras.<\/p>\n<p>A Globo foi a que mais perdeu. Apesar de ser l\u00edder em audi\u00eancia, com m\u00e9dia di\u00e1ria de p\u00fablico maior do que RecordTV e SBT juntos, o canal carioca teve a participa\u00e7\u00e3o reduzida de 39% para 16%, queda de quase 60% na compara\u00e7\u00e3o entre 2018 (sob a gest\u00e3o de Michel Temer) e 2019 (ano do primeiro mandato de Jair Bolsonaro).<\/p>\n<p>No mesmo per\u00edodo, o investimento de publicidade oficial da Secom (Secretaria de Comunica\u00e7\u00e3o da Presid\u00eancia) na RecordTV subiu de 31% para 43% do valor aplicado. O SBT viu a verba aumentar de 30% para 41%. Os respectivos donos dessas TVs, Edir Macedo e Silvio Santos, s\u00e3o apoiadores de Bolsonaro. A Globo \u00e9, nas palavras do chefe do Executivo, um &#8220;inimigo&#8221; na m\u00eddia.<\/p>\n<p>Segundo a mat\u00e9ria da Folha, a Secom alegou que a aferi\u00e7\u00e3o do Ibope n\u00e3o foi o \u00fanico crit\u00e9rio para redefinir a distribui\u00e7\u00e3o da verba. O \u00f3rg\u00e3o teria considerado o perfil do p\u00fablico de cada emissora e o custo das inser\u00e7\u00f5es.<\/p>\n<p>Desde que assumiu o Minist\u00e9rio das Comunica\u00e7\u00f5es, em junho, F\u00e1bio Faria, genro de Silvio Santos, tenta melhorar a rela\u00e7\u00e3o de Bolsonaro com a Globo. Mas a cobertura incisiva do jornalismo do canal em rela\u00e7\u00e3o ao governo \u2014 com cr\u00edticas diretas ao presidente e a seus filhos parlamentares \u2014 dificulta uma poss\u00edvel tr\u00e9gua.<\/p>\n<p>&nbsp;<\/p>\n<p><strong>Fonte: Terra<\/strong><\/p>\n<p>&nbsp;<\/p>\n","protected":false},"excerpt":{"rendered":"<p>Na edi\u00e7\u00e3o desta quarta-feira (12), a Folha de S. Paulo traz mat\u00e9ria a respeito do rateio de verbas do governo federal \u00e0s TVs. De acordo com os jornalistas F\u00e1bio Fabrini e Julio Wiziack, o TCU (Tribunal de Contas da Uni\u00e3o) identificou falta de crit\u00e9rio t\u00e9cnico na mudan\u00e7a da divis\u00e3o das verbas oficiais investidas nas principais &hellip;<\/p>\n","protected":false},"author":1,"featured_media":8715,"comment_status":"open","ping_status":"open","sticky":false,"template":"","format":"standard","meta":{"_jetpack_newsletter_access":"","_jetpack_dont_email_post_to_subs":false,"_jetpack_newsletter_tier_id":0,"_jetpack_memberships_contains_paywalled_content":false,"_jetpack_memberships_contains_paid_content":false,"footnotes":""},"categories":[1],"tags":[],"class_list":["post-8714","post","type-post","status-publish","format-standard","has-post-thumbnail","hentry","category-destaque"],"jetpack_sharing_enabled":true,"jetpack_featured_media_url":"","_links":{"self":[{"href":"https:\/\/www.oparanews.com.br\/index.php\/wp-json\/wp\/v2\/posts\/8714","targetHints":{"allow":["GET"]}}],"collection":[{"href":"https:\/\/www.oparanews.com.br\/index.php\/wp-json\/wp\/v2\/posts"}],"about":[{"href":"https:\/\/www.oparanews.com.br\/index.php\/wp-json\/wp\/v2\/types\/post"}],"author":[{"embeddable":true,"href":"https:\/\/www.oparanews.com.br\/index.php\/wp-json\/wp\/v2\/users\/1"}],"replies":[{"embeddable":true,"href":"https:\/\/www.oparanews.com.br\/index.php\/wp-json\/wp\/v2\/comments?post=8714"}],"version-history":[{"count":0,"href":"https:\/\/www.oparanews.com.br\/index.php\/wp-json\/wp\/v2\/posts\/8714\/revisions"}],"wp:attachment":[{"href":"https:\/\/www.oparanews.com.br\/index.php\/wp-json\/wp\/v2\/media?parent=8714"}],"wp:term":[{"taxonomy":"category","embeddable":true,"href":"https:\/\/www.oparanews.com.br\/index.php\/wp-json\/wp\/v2\/categories?post=8714"},{"taxonomy":"post_tag","embeddable":true,"href":"https:\/\/www.oparanews.com.br\/index.php\/wp-json\/wp\/v2\/tags?post=8714"}],"curies":[{"name":"wp","href":"https:\/\/api.w.org\/{rel}","templated":true}]}}