{"id":8717,"date":"2020-08-13T02:06:29","date_gmt":"2020-08-13T02:06:29","guid":{"rendered":"https:\/\/oparanews.com.br\/?p=8717"},"modified":"2020-08-13T02:06:29","modified_gmt":"2020-08-13T02:06:29","slug":"secretario-da-saude-de-alagoas-esta-com-covid-19","status":"publish","type":"post","link":"https:\/\/www.oparanews.com.br\/index.php\/2020\/08\/13\/secretario-da-saude-de-alagoas-esta-com-covid-19\/","title":{"rendered":"Secret\u00e1rio da Sa\u00fade de Alagoas est\u00e1 com Covid-19"},"content":{"rendered":"<p>O secret\u00e1rio de Estado da Sa\u00fade, Alexandre Ayres, informou que recebeu o resultado positivo do teste para Covid-19. O an\u00fancio foi feito na tarde desta quarta-feira (12), por meio de um v\u00eddeo publicado nas redes sociais.<\/p>\n<p>&#8220;Pessoal, acabo de receber o resultado do meu teste Covid e foi positivo! Estou com poucos sintomas e irei trabalhar em casa. Tenho f\u00e9 em Deus que logo estarei de volta na luta contra esse v\u00edrus&#8221;, postou Ayres.<\/p>\n<p>Al\u00e9m do v\u00eddeo, ele postou uma imagem do resultado do exame.<\/p>\n<p>&#8220;Eu venho me sentindo muito cansado nos \u00faltimos dias e de ontem para hoje eu comecei a sentir um pouco de tosse, uma tosse espa\u00e7ada. E por orienta\u00e7\u00e3o dos m\u00e9dicos fiz o teste PCR. O meu teste acabou de sair. Deu positivo. J\u00e1 fui ao Hospital da Mulher, tamb\u00e9m fiz uma tomografia. Os pulm\u00f5es est\u00e3o limpos, mas vou passar esse per\u00edodo de quarentena em casa. Pe\u00e7o que todos da Secretaria de Sa\u00fade, os profissionais de sa\u00fade, aqueles que trabalham na \u00e1rea administrativa que continuem se dedicando para que a gente siga firme nesse enfrentamento. Vou ficar trabalhando remotamente trabalhando e daqui a 10, 14 dias estarei a\u00ed ao lado de voc\u00eas. Um grande abra\u00e7o a todos&#8221;, disse o secret\u00e1rio no v\u00eddeo.<\/p>\n<p>Outros secret\u00e1rios de Estado e at\u00e9 o governador Renan Filho (MDB) j\u00e1 foram contaminados pelo novo coronav\u00edrus, meses atr\u00e1s. Eles se recuperaram e voltaram ao trabalho ap\u00f3s o per\u00edodo de isolamento recomendado pelos m\u00e9dicos.<\/p>\n<p>&nbsp;<\/p>\n<p><strong>Fonte: G1\/AL<\/strong><\/p>\n<p>&nbsp;<\/p>\n","protected":false},"excerpt":{"rendered":"<p>O secret\u00e1rio de Estado da Sa\u00fade, Alexandre Ayres, informou que recebeu o resultado positivo do teste para Covid-19. O an\u00fancio foi feito na tarde desta quarta-feira (12), por meio de um v\u00eddeo publicado nas redes sociais. &#8220;Pessoal, acabo de receber o resultado do meu teste Covid e foi positivo! Estou com poucos sintomas e irei &hellip;<\/p>\n","protected":false},"author":1,"featured_media":8718,"comment_status":"open","ping_status":"open","sticky":false,"template":"","format":"standard","meta":{"_jetpack_newsletter_access":"","_jetpack_dont_email_post_to_subs":false,"_jetpack_newsletter_tier_id":0,"_jetpack_memberships_contains_paywalled_content":false,"_jetpack_memberships_contains_paid_content":false,"footnotes":""},"categories":[1],"tags":[],"class_list":["post-8717","post","type-post","status-publish","format-standard","has-post-thumbnail","hentry","category-destaque"],"jetpack_sharing_enabled":true,"jetpack_featured_media_url":"","_links":{"self":[{"href":"https:\/\/www.oparanews.com.br\/index.php\/wp-json\/wp\/v2\/posts\/8717","targetHints":{"allow":["GET"]}}],"collection":[{"href":"https:\/\/www.oparanews.com.br\/index.php\/wp-json\/wp\/v2\/posts"}],"about":[{"href":"https:\/\/www.oparanews.com.br\/index.php\/wp-json\/wp\/v2\/types\/post"}],"author":[{"embeddable":true,"href":"https:\/\/www.oparanews.com.br\/index.php\/wp-json\/wp\/v2\/users\/1"}],"replies":[{"embeddable":true,"href":"https:\/\/www.oparanews.com.br\/index.php\/wp-json\/wp\/v2\/comments?post=8717"}],"version-history":[{"count":0,"href":"https:\/\/www.oparanews.com.br\/index.php\/wp-json\/wp\/v2\/posts\/8717\/revisions"}],"wp:attachment":[{"href":"https:\/\/www.oparanews.com.br\/index.php\/wp-json\/wp\/v2\/media?parent=8717"}],"wp:term":[{"taxonomy":"category","embeddable":true,"href":"https:\/\/www.oparanews.com.br\/index.php\/wp-json\/wp\/v2\/categories?post=8717"},{"taxonomy":"post_tag","embeddable":true,"href":"https:\/\/www.oparanews.com.br\/index.php\/wp-json\/wp\/v2\/tags?post=8717"}],"curies":[{"name":"wp","href":"https:\/\/api.w.org\/{rel}","templated":true}]}}