{"id":8724,"date":"2020-08-13T11:46:30","date_gmt":"2020-08-13T11:46:30","guid":{"rendered":"https:\/\/oparanews.com.br\/?p=8724"},"modified":"2020-08-13T11:46:30","modified_gmt":"2020-08-13T11:46:30","slug":"comite-cientifico-diz-que-alagoas-ja-atingiu-pico-de-contagio-da-covid-19","status":"publish","type":"post","link":"https:\/\/www.oparanews.com.br\/index.php\/2020\/08\/13\/comite-cientifico-diz-que-alagoas-ja-atingiu-pico-de-contagio-da-covid-19\/","title":{"rendered":"Comit\u00ea Cient\u00edfico diz que Alagoas j\u00e1 atingiu pico de cont\u00e1gio da Covid-19"},"content":{"rendered":"<p>A pandemia de Covid-19 j\u00e1 atingiu o pico em Alagoas, mas pode voltar a crescer, \u00e9 o que diz o estudo do Comit\u00ea Cient\u00edfico de Combate ao Coronav\u00edrus do Cons\u00f3rcio Nordeste, divulgado na ter\u00e7a-feira (11). O boletim mostrou tamb\u00e9m que o n\u00famero de \u00f3bitos di\u00e1rios causados pelo novo coronav\u00edrus no estado est\u00e1 caindo.<\/p>\n<p>De acordo com o Comit\u00ea, houve tend\u00eancia de queda de casos di\u00e1rios de Covid-19 e de hospitaliza\u00e7\u00f5es em Alagoas durante boa parte do m\u00eas de julho e tamb\u00e9m queda suave no n\u00famero de \u00f3bitos. Por\u00e9m, aproximadamente a partir do dia 20 de julho, houve um aumento consider\u00e1vel na m\u00e9dia semanal de casos confirmados que n\u00e3o corresponde a um aumento na testagem realizada.<\/p>\n<p>Os pesquisadores explicaram que duas an\u00e1lises comprovam esse aumento: o diagrama de risco, que aponta risco pand\u00eamico elevado, e o n\u00famero de reprodu\u00e7\u00e3o da epidemia R(t), que voltou a crescer para valores acima de 1,0 , indicando um crescimento da transmiss\u00e3o da Covid-19 em Alagoas.<\/p>\n<p>Por outro lado, o levantamento tamb\u00e9m aponta uma proje\u00e7\u00e3o de \u00f3bitos acumulados indicando tend\u00eancia de satura\u00e7\u00e3o em cerca de 2 mil \u00f3bitos totais. Nesta quarta (12), o boletim epidemiol\u00f3gico da Secretaria de Estado da Sa\u00fade (Sesau) informou que j\u00e1 foram confirmados 1.711 \u00f3bitos.<\/p>\n<p>Com isso, o Comit\u00ea avalia que a proje\u00e7\u00e3o de \u00f3bitos di\u00e1rios indica que um pico de \u00f3bitos j\u00e1 ocorreu e h\u00e1 uma tend\u00eancia de decaimento de \u00f3bitos di\u00e1rios para as pr\u00f3ximas semanas.<\/p>\n<p><strong>Pandemia no Nordeste<\/strong><\/p>\n<p>Os pesquisadores analisaram a situa\u00e7\u00e3o atual da Covid-19 em todos os estados do Nordeste e fizeram proje\u00e7\u00f5es. O n\u00famero di\u00e1rios de casos e \u00f3bitos diminuiu nas capitais da regi\u00e3o, mas aumentou no interior.<\/p>\n<p>&#8220;Em geral, houve uma diminui\u00e7\u00e3o dos n\u00fameros di\u00e1rios de casos e de \u00f3bitos nas capitais, por\u00e9m houve um aumento nos munic\u00edpios do interior, cujo avan\u00e7o decorre, em parte, das medidas de flexibiliza\u00e7\u00e3o do isolamento social determinadas pelos governos locais em todos os estados. \u00c9 verdade que a velocidade do avan\u00e7o foi menor em julho do que no m\u00eas anterior&#8221;, diz um trecho do boletim sobre a situa\u00e7\u00e3o do Nordeste.<\/p>\n<p>Os pesquisadores alertam que &#8220;certamente ela seria menor ainda se as recomenda\u00e7\u00f5es do Comit\u00ea Cient\u00edfico-NE e da Organiza\u00e7\u00e3o Mundial de Sa\u00fade, de promover flexibiliza\u00e7\u00e3o condicionada ao fator de transmiss\u00e3o R(t) estar abaixo de 1,0 por pelo menos 14 dias, tivessem sido seguidas com mais rigor. As proje\u00e7\u00f5es do Subcomit\u00ea de Modelagem indicam que at\u00e9 o dia 1\u00ba de setembro o n\u00famero de casos da Covid-19 atingir\u00e1 1 milh\u00e3o, enquanto o n\u00famero de \u00f3bitos chegar\u00e1 a 35 mil&#8221;<\/p>\n<p>&nbsp;<\/p>\n<p><strong>Fonte: G1\/AL<\/strong><\/p>\n<p>&nbsp;<\/p>\n","protected":false},"excerpt":{"rendered":"<p>A pandemia de Covid-19 j\u00e1 atingiu o pico em Alagoas, mas pode voltar a crescer, \u00e9 o que diz o estudo do Comit\u00ea Cient\u00edfico de Combate ao Coronav\u00edrus do Cons\u00f3rcio Nordeste, divulgado na ter\u00e7a-feira (11). O boletim mostrou tamb\u00e9m que o n\u00famero de \u00f3bitos di\u00e1rios causados pelo novo coronav\u00edrus no estado est\u00e1 caindo. De acordo &hellip;<\/p>\n","protected":false},"author":1,"featured_media":8725,"comment_status":"open","ping_status":"open","sticky":false,"template":"","format":"standard","meta":{"_jetpack_newsletter_access":"","_jetpack_dont_email_post_to_subs":false,"_jetpack_newsletter_tier_id":0,"_jetpack_memberships_contains_paywalled_content":false,"_jetpack_memberships_contains_paid_content":false,"footnotes":""},"categories":[1],"tags":[],"class_list":["post-8724","post","type-post","status-publish","format-standard","has-post-thumbnail","hentry","category-destaque"],"jetpack_sharing_enabled":true,"jetpack_featured_media_url":"","_links":{"self":[{"href":"https:\/\/www.oparanews.com.br\/index.php\/wp-json\/wp\/v2\/posts\/8724","targetHints":{"allow":["GET"]}}],"collection":[{"href":"https:\/\/www.oparanews.com.br\/index.php\/wp-json\/wp\/v2\/posts"}],"about":[{"href":"https:\/\/www.oparanews.com.br\/index.php\/wp-json\/wp\/v2\/types\/post"}],"author":[{"embeddable":true,"href":"https:\/\/www.oparanews.com.br\/index.php\/wp-json\/wp\/v2\/users\/1"}],"replies":[{"embeddable":true,"href":"https:\/\/www.oparanews.com.br\/index.php\/wp-json\/wp\/v2\/comments?post=8724"}],"version-history":[{"count":0,"href":"https:\/\/www.oparanews.com.br\/index.php\/wp-json\/wp\/v2\/posts\/8724\/revisions"}],"wp:attachment":[{"href":"https:\/\/www.oparanews.com.br\/index.php\/wp-json\/wp\/v2\/media?parent=8724"}],"wp:term":[{"taxonomy":"category","embeddable":true,"href":"https:\/\/www.oparanews.com.br\/index.php\/wp-json\/wp\/v2\/categories?post=8724"},{"taxonomy":"post_tag","embeddable":true,"href":"https:\/\/www.oparanews.com.br\/index.php\/wp-json\/wp\/v2\/tags?post=8724"}],"curies":[{"name":"wp","href":"https:\/\/api.w.org\/{rel}","templated":true}]}}