{"id":8727,"date":"2020-08-13T19:16:21","date_gmt":"2020-08-13T19:16:21","guid":{"rendered":"https:\/\/oparanews.com.br\/?p=8727"},"modified":"2020-08-13T19:16:21","modified_gmt":"2020-08-13T19:16:21","slug":"passa-de-70-mil-o-numero-de-casos-confirmados-da-covid-19-em-alagoas","status":"publish","type":"post","link":"https:\/\/www.oparanews.com.br\/index.php\/2020\/08\/13\/passa-de-70-mil-o-numero-de-casos-confirmados-da-covid-19-em-alagoas\/","title":{"rendered":"Passa de 70 mil o n\u00famero de casos confirmados da Covid-19 em Alagoas"},"content":{"rendered":"<p>Alagoas alcan\u00e7ou a marca de 70.629 casos confirmados da Covid-19 nesta quinta-feira (13). O n\u00famero total de \u00f3bitos chegou a 1.721. As informa\u00e7\u00f5es s\u00e3o da Secretaria de Estado da Sa\u00fade (Sesau).<\/p>\n<p>De acordo com o boletim epidemiol\u00f3gico, o estado confirmou 878 novos casos e 10 mortes nas \u00faltimas 24 horas.<\/p>\n<p>Um n\u00famero que chama aten\u00e7\u00e3o neste boletim \u00e9 o de casos suspeitos. S\u00e3o apenas 121 pessoas aguardando resultado do teste laboratorial, o menor n\u00famero dos \u00faltimos meses, que muitas vezes chegou a passar de mil.<\/p>\n<p>Do total de casos confirmados, 64.218 pessoas conseguiram se recuperar.<\/p>\n<p>A taxa de ocupa\u00e7\u00e3o de leitos exclusivos para atender pacientes com suspeita ou confirma\u00e7\u00e3o da doen\u00e7a estava em 26% na quarta (12), \u00faltima atualiza\u00e7\u00e3o dispon\u00edvel. Quando considerados apenas os leitos de UTI, a taxa de ocupa\u00e7\u00e3o era de 48%, 3% a mais que o boletim anterior.<\/p>\n<p>A maioria das mortes registradas neste boletim foram de pessoas que moravam no interior do estado. Apenas tr\u00eas delas eram residentes na capital.<\/p>\n<p>Mais 10 mortes por Covid-19 em Alagoas<\/p>\n<p>Macei\u00f3: Mulher, 66 anos, sem comorbidades<br \/>\nMacei\u00f3: Mulher, 49 anos, sem comorbidades<br \/>\nMacei\u00f3: Homem, 74 anos, diab\u00e9tico<br \/>\n\u00c1gua Branca: Homem, 62 anos, sem comorbidades<br \/>\n\u00c1gua Branca: Mulher, 65 anos, sem comorbidades<br \/>\nUni\u00e3o dos Palmares: Homem, 74 anos, hipertenso<br \/>\nUni\u00e3o dos Palmares: Mulher, 77 anos, sem comorbidades<br \/>\nCra\u00edbas: Homem, 71 anos, sem comorbidades<br \/>\nFeira Grande: Homem, 74 anos, diab\u00e9tico<br \/>\nMessias: Homem, 76 anos, diab\u00e9tico<\/p>\n<p>&nbsp;<\/p>\n<p><strong>Fonte: G1\/AL<\/strong><\/p>\n<p>&nbsp;<\/p>\n","protected":false},"excerpt":{"rendered":"<p>Alagoas alcan\u00e7ou a marca de 70.629 casos confirmados da Covid-19 nesta quinta-feira (13). O n\u00famero total de \u00f3bitos chegou a 1.721. As informa\u00e7\u00f5es s\u00e3o da Secretaria de Estado da Sa\u00fade (Sesau). De acordo com o boletim epidemiol\u00f3gico, o estado confirmou 878 novos casos e 10 mortes nas \u00faltimas 24 horas. Um n\u00famero que chama aten\u00e7\u00e3o &hellip;<\/p>\n","protected":false},"author":1,"featured_media":4593,"comment_status":"open","ping_status":"open","sticky":false,"template":"","format":"standard","meta":{"_jetpack_newsletter_access":"","_jetpack_dont_email_post_to_subs":false,"_jetpack_newsletter_tier_id":0,"_jetpack_memberships_contains_paywalled_content":false,"_jetpack_memberships_contains_paid_content":false,"footnotes":""},"categories":[1],"tags":[],"class_list":["post-8727","post","type-post","status-publish","format-standard","has-post-thumbnail","hentry","category-destaque"],"jetpack_sharing_enabled":true,"jetpack_featured_media_url":"","_links":{"self":[{"href":"https:\/\/www.oparanews.com.br\/index.php\/wp-json\/wp\/v2\/posts\/8727","targetHints":{"allow":["GET"]}}],"collection":[{"href":"https:\/\/www.oparanews.com.br\/index.php\/wp-json\/wp\/v2\/posts"}],"about":[{"href":"https:\/\/www.oparanews.com.br\/index.php\/wp-json\/wp\/v2\/types\/post"}],"author":[{"embeddable":true,"href":"https:\/\/www.oparanews.com.br\/index.php\/wp-json\/wp\/v2\/users\/1"}],"replies":[{"embeddable":true,"href":"https:\/\/www.oparanews.com.br\/index.php\/wp-json\/wp\/v2\/comments?post=8727"}],"version-history":[{"count":0,"href":"https:\/\/www.oparanews.com.br\/index.php\/wp-json\/wp\/v2\/posts\/8727\/revisions"}],"wp:attachment":[{"href":"https:\/\/www.oparanews.com.br\/index.php\/wp-json\/wp\/v2\/media?parent=8727"}],"wp:term":[{"taxonomy":"category","embeddable":true,"href":"https:\/\/www.oparanews.com.br\/index.php\/wp-json\/wp\/v2\/categories?post=8727"},{"taxonomy":"post_tag","embeddable":true,"href":"https:\/\/www.oparanews.com.br\/index.php\/wp-json\/wp\/v2\/tags?post=8727"}],"curies":[{"name":"wp","href":"https:\/\/api.w.org\/{rel}","templated":true}]}}